{"id":959,"date":"1991-09-03T17:54:20","date_gmt":"1991-09-03T17:54:20","guid":{"rendered":"http:\/\/portalroberiodeogum.com.br\/?p=959"},"modified":"2013-03-26T16:27:17","modified_gmt":"2013-03-26T16:27:17","slug":"roberio-de-ogum-previu-separacao-entre-collor-e-roseane","status":"publish","type":"post","link":"http:\/\/portalroberiodeogum.com.br\/mc_2019\/index.php\/1991\/09\/03\/roberio-de-ogum-previu-separacao-entre-collor-e-roseane\/","title":{"rendered":"Roberio de Ogum previu a separa\u00e7\u00e3o entre Collor e Roseane."},"content":{"rendered":"<p><a href=\"http:\/\/portalroberiodeogum.com.br\/wp-content\/uploads\/2012\/09\/240-Roberio-de-Ogum-previu-separa\u00e7\u00e3o-entre-Collor-e-Roseane.jpg\"><img fetchpriority=\"high\" decoding=\"async\" class=\"aligncenter size-full wp-image-960\" title=\" Roberio de Ogum previu separa\u00e7\u00e3o entre Collor e Roseane\" alt=\"\" src=\"http:\/\/portalroberiodeogum.com.br\/wp-content\/uploads\/2012\/09\/240-Roberio-de-Ogum-previu-separa\u00e7\u00e3o-entre-Collor-e-Roseane.jpg\" width=\"580\" height=\"404\" srcset=\"http:\/\/portalroberiodeogum.com.br\/mc_2019\/wp-content\/uploads\/2012\/09\/240-Roberio-de-Ogum-previu-separa\u00e7\u00e3o-entre-Collor-e-Roseane.jpg 580w, http:\/\/portalroberiodeogum.com.br\/mc_2019\/wp-content\/uploads\/2012\/09\/240-Roberio-de-Ogum-previu-separa\u00e7\u00e3o-entre-Collor-e-Roseane-77x55.jpg 77w, http:\/\/portalroberiodeogum.com.br\/mc_2019\/wp-content\/uploads\/2012\/09\/240-Roberio-de-Ogum-previu-separa\u00e7\u00e3o-entre-Collor-e-Roseane-180x125.jpg 180w\" sizes=\"(max-width: 580px) 100vw, 580px\" \/><\/a><a href=\"http:\/\/pt.wikipedia.org\/wiki\/Rosane_Collor\" target=\"_blank\">Link de confirma\u00e7\u00e3o<\/a><\/p>\n<p><a href=\"http:\/\/portalroberiodeogum.com.br\/roberio-de-ogum-previu-separacao-entre-collor-e-roseane\/334-roberio-de-ogum-previu-a-separacao-de-fernando-e-rosane-collor\/\" rel=\"attachment wp-att-2481\"><img decoding=\"async\" class=\"aligncenter size-full wp-image-2481\" title=\" Roberio de Ogum previu a separa\u00e7\u00e3o de Fernando e Rosane Collor\" alt=\"\" src=\"http:\/\/portalroberiodeogum.com.br\/wp-content\/uploads\/2012\/09\/334-Roberio-de-Ogum-previu-a-separa\u00e7\u00e3o-de-Fernando-e-Rosane-Collor.jpg\" width=\"610\" height=\"788\" \/><\/a><\/p>\n<p><a href=\"http:\/\/pt.wikipedia.org\/wiki\/Rosane_Collor#Div.C3.B3rcio\" target=\"_blank\">Link de confirma\u00e7\u00e3o.<\/a><\/p>\n","protected":false},"excerpt":{"rendered":"<p>Link de confirma\u00e7\u00e3o Link de confirma\u00e7\u00e3o.<\/p>\n","protected":false},"author":2,"featured_media":961,"comment_status":"open","ping_status":"open","sticky":false,"template":"","format":"standard","meta":{"footnotes":""},"categories":[20,7,8],"tags":[],"_links":{"self":[{"href":"http:\/\/portalroberiodeogum.com.br\/mc_2019\/index.php\/wp-json\/wp\/v2\/posts\/959"}],"collection":[{"href":"http:\/\/portalroberiodeogum.com.br\/mc_2019\/index.php\/wp-json\/wp\/v2\/posts"}],"about":[{"href":"http:\/\/portalroberiodeogum.com.br\/mc_2019\/index.php\/wp-json\/wp\/v2\/types\/post"}],"author":[{"embeddable":true,"href":"http:\/\/portalroberiodeogum.com.br\/mc_2019\/index.php\/wp-json\/wp\/v2\/users\/2"}],"replies":[{"embeddable":true,"href":"http:\/\/portalroberiodeogum.com.br\/mc_2019\/index.php\/wp-json\/wp\/v2\/comments?post=959"}],"version-history":[{"count":7,"href":"http:\/\/portalroberiodeogum.com.br\/mc_2019\/index.php\/wp-json\/wp\/v2\/posts\/959\/revisions"}],"predecessor-version":[{"id":4590,"href":"http:\/\/portalroberiodeogum.com.br\/mc_2019\/index.php\/wp-json\/wp\/v2\/posts\/959\/revisions\/4590"}],"wp:featuredmedia":[{"embeddable":true,"href":"http:\/\/portalroberiodeogum.com.br\/mc_2019\/index.php\/wp-json\/wp\/v2\/media\/961"}],"wp:attachment":[{"href":"http:\/\/portalroberiodeogum.com.br\/mc_2019\/index.php\/wp-json\/wp\/v2\/media?parent=959"}],"wp:term":[{"taxonomy":"category","embeddable":true,"href":"http:\/\/portalroberiodeogum.com.br\/mc_2019\/index.php\/wp-json\/wp\/v2\/categories?post=959"},{"taxonomy":"post_tag","embeddable":true,"href":"http:\/\/portalroberiodeogum.com.br\/mc_2019\/index.php\/wp-json\/wp\/v2\/tags?post=959"}],"curies":[{"name":"wp","href":"https:\/\/api.w.org\/{rel}","templated":true}]}}