{"id":942,"date":"2019-05-04T02:23:38","date_gmt":"2019-05-04T05:23:38","guid":{"rendered":"http:\/\/portalroberiodeogum.com.br\/?p=942"},"modified":"2019-05-04T02:24:09","modified_gmt":"2019-05-04T05:24:09","slug":"roberio-de-ogum-preve-gorbachev-voltara-ao-lugar-que-lhe-pertence","status":"publish","type":"post","link":"http:\/\/portalroberiodeogum.com.br\/mc_2019\/index.php\/2019\/05\/04\/roberio-de-ogum-preve-gorbachev-voltara-ao-lugar-que-lhe-pertence\/","title":{"rendered":"Roberio de Ogum prev\u00ea: &#8220;Gorbachev voltar\u00e1 ao lugar que lhe pertence.&#8221;"},"content":{"rendered":"<p>Jornal Olhar da Tarde, 22 de agosto de 1991<\/p>\n<p>Roberio de Ogum acerta e agora prev\u00ea destino de Uni\u00e3o Sovi\u00e9tica:<\/p>\n<p>O Pai de Santo prev\u00ea retorno de Gorbachev e afirmou que o l\u00edder sovi\u00e9tico vai dar a volta por cima.<\/p>\n<p><iframe src=\"https:\/\/www.youtube.com\/embed\/4-7Gw8ceNug\" allowfullscreen=\"allowfullscreen\" width=\"560\" height=\"315\" frameborder=\"0\"><\/iframe><\/p>\n<p><a href=\"http:\/\/www1.ionline.pt\/conteudo\/30793-gorbachev-passado-20-anos-da-queda-do-muro-berlim-perdi-mas-perestroika-ganhou\" target=\"_blank\" rel=\"noopener noreferrer\">Link de confirma\u00e7\u00e3o<\/a><\/p>\n","protected":false},"excerpt":{"rendered":"<p>Jornal Olhar da Tarde, 22 de agosto de 1991 Roberio de Ogum acerta e agora prev\u00ea destino de Uni\u00e3o Sovi\u00e9tica: O Pai de Santo prev\u00ea [&hellip;]<\/p>\n","protected":false},"author":2,"featured_media":950,"comment_status":"open","ping_status":"open","sticky":false,"template":"","format":"video","meta":{"footnotes":""},"categories":[20,133],"tags":[],"_links":{"self":[{"href":"http:\/\/portalroberiodeogum.com.br\/mc_2019\/index.php\/wp-json\/wp\/v2\/posts\/942"}],"collection":[{"href":"http:\/\/portalroberiodeogum.com.br\/mc_2019\/index.php\/wp-json\/wp\/v2\/posts"}],"about":[{"href":"http:\/\/portalroberiodeogum.com.br\/mc_2019\/index.php\/wp-json\/wp\/v2\/types\/post"}],"author":[{"embeddable":true,"href":"http:\/\/portalroberiodeogum.com.br\/mc_2019\/index.php\/wp-json\/wp\/v2\/users\/2"}],"replies":[{"embeddable":true,"href":"http:\/\/portalroberiodeogum.com.br\/mc_2019\/index.php\/wp-json\/wp\/v2\/comments?post=942"}],"version-history":[{"count":23,"href":"http:\/\/portalroberiodeogum.com.br\/mc_2019\/index.php\/wp-json\/wp\/v2\/posts\/942\/revisions"}],"predecessor-version":[{"id":16253,"href":"http:\/\/portalroberiodeogum.com.br\/mc_2019\/index.php\/wp-json\/wp\/v2\/posts\/942\/revisions\/16253"}],"wp:featuredmedia":[{"embeddable":true,"href":"http:\/\/portalroberiodeogum.com.br\/mc_2019\/index.php\/wp-json\/wp\/v2\/media\/950"}],"wp:attachment":[{"href":"http:\/\/portalroberiodeogum.com.br\/mc_2019\/index.php\/wp-json\/wp\/v2\/media?parent=942"}],"wp:term":[{"taxonomy":"category","embeddable":true,"href":"http:\/\/portalroberiodeogum.com.br\/mc_2019\/index.php\/wp-json\/wp\/v2\/categories?post=942"},{"taxonomy":"post_tag","embeddable":true,"href":"http:\/\/portalroberiodeogum.com.br\/mc_2019\/index.php\/wp-json\/wp\/v2\/tags?post=942"}],"curies":[{"name":"wp","href":"https:\/\/api.w.org\/{rel}","templated":true}]}}