{"id":90,"date":"2012-08-21T14:19:59","date_gmt":"2012-08-21T14:19:59","guid":{"rendered":"http:\/\/portalroberiodeogum.com.br\/?p=90"},"modified":"2015-01-20T01:36:45","modified_gmt":"2015-01-20T03:36:45","slug":"roberio-acerta-previsao-de-palmeiras","status":"publish","type":"post","link":"http:\/\/portalroberiodeogum.com.br\/mc_2019\/index.php\/2012\/08\/21\/roberio-acerta-previsao-de-palmeiras\/","title":{"rendered":"Roberio acerta previs\u00e3o sobre o Palmeiras em 2012. Leia o que escreveu o site da revista Veja:"},"content":{"rendered":"<h1>&#8220;Roberio acerta previs\u00e3o sobre Palmeiras&#8221;<\/h1>\n<p>Quando ouviu um coment\u00e1rio sobre o &#8216;azar&#8217; que acometeu o Palmeiras antes da conquista da Copa do Brasil, o t\u00e9cnico Luiz Felipe Scolari abriu seu sorriso ir\u00f4nico caracter\u00edstico: &#8216;S\u00f3 de um m\u00eas para c\u00e1?&#8217;. Foi a partir do come\u00e7o de junho, no entanto, que os problemas se intensificaram: o presidente Arnaldo Tirone brigou com o conselheiro Gilto Avallone, Valdivia foi v\u00edtima de um sequestro rel\u00e2mpago, Daniel Carvalho de um assalto e Barcos sofreu uma crise de apendicite. Todos deveriam agradecer a Felip\u00e3o por iluminar seus caminhos ao t\u00edtulo, segundo o pai de santo Roberio de Ogum.<\/p>\n<p>O vidente que ganhou fama como conselheiro espiritual de Vanderlei Luxemburgo (no Palmeiras, inclusive) por mais de uma d\u00e9cada j\u00e1 n\u00e3o exalta somente o trabalho do atual treinador do Gr\u00eamio. Para Roberio, Felip\u00e3o foi o principal respons\u00e1vel por eliminar a equipe ga\u00facha nas semifinais da Copa do Brasil e pela conquista palmeirense sobre o Coritiba, nesta quarta-feira. &#8216;O Palmeiras tem um treinador iluminado, de f\u00e9, extremamente voltado a Deus. O Felip\u00e3o \u00e9 predestinado a ser vitorioso. \u00c9 um cara que consegue reverter os momentos dif\u00edceis, com uma intui\u00e7\u00e3o b\u00e1rbara. Espiritualmente falando, \u00e9 uma verdadeira f\u00eanix&#8217;, disse, referindo-se a ave que, de acordo com a tradi\u00e7\u00e3o eg\u00edpcia, renascia das pr\u00f3prias cinzas quando queimada.<\/p>\n<p>Antes de voltar aos c\u00e9us com mais um t\u00edtulo, Felip\u00e3o admitia que as ressurrei\u00e7\u00f5es &#8211; dele e do Palmeiras &#8211; em meio ao &#8216;azar&#8217; seriam muito complicadas. &#8216;Houve a apendicite do Barcos, e costumo dizer que \u00e9 uma doen\u00e7a do tempo da on\u00e7a. Mas, gra\u00e7as a Deus, o departamento m\u00e9dico agiu r\u00e1pido para evitar um problema maior. Tirando isso, tivemos sequestro rel\u00e2mpago&#8230; O que mais? Assalto, briga&#8230; Parece que algumas coisas s\u00f3 acontecem no nosso time. Parece. N\u00e3o sei se nos outros esses casos n\u00e3o s\u00e3o noticiados, mas aqui s\u00e3o bastante. Vamos continuar assim: buscando solucionar as dificuldades que aparecerem&#8217;, havia pregado.Roberio de Ogum garantiu que confiava em Felip\u00e3o mesmo naqueles tempos de incertezas do comandante. &#8216;Antes das semifinais entre S\u00e3o Paulo e Coritiba e Palmeiras e Gr\u00eamio, previ que o campe\u00e3o da Copa do Brasil seria um time paulista. Sairia de S\u00e3o Paulo e Palmeiras. Como s\u00f3 sobrou o Palmeiras na competi\u00e7\u00e3o&#8230;&#8217;, sorriu o m\u00e9dium, que coleciona acertos e erros em suas previs\u00f5es esportivas, pol\u00edticas e para personalidades. Desta vez, contudo, ele tinha um treinador de futebol como talism\u00e3 para n\u00e3o falhar em seu palpite.<\/p>\n<p>&#8216;O futebol \u00e9 um esporte coletivo, mas voc\u00ea necessita muito da intui\u00e7\u00e3o. A v\u00e1lvula mestre para enxergar os problemas \u00e9 o treinador. Trabalhei com v\u00e1rios deles e sempre vi o lado espiritual de cada um. Percebo que o Felip\u00e3o \u00e9 um cara capaz, de muita f\u00e9, fibra e estrutura. Esse t\u00edtulo \u00e9 merecid\u00edssimo para ele. Como tamb\u00e9m foi o da Libertadores para o Corinthians&#8217;, disse, mencionando Tite, Muricy Ramalho, Dorival J\u00fanior e o seu amigo Luxemburgo como outros exemplos de &#8216;t\u00e9cnicos iluminados&#8217;. &#8216;O Felip\u00e3o \u00e9 pura emo\u00e7\u00e3o, como o Luxemburgo. S\u00e3o guerreiros. O Muricy tem rebeldia no lado espiritual, mas \u00e9 desafiador, convicto. O Tite une a emo\u00e7\u00e3o com a raz\u00e3o. E o Dorival \u00e9 extremamente sens\u00edvel, com uma vis\u00e3o intuitiva bem forte, de quem sofre de v\u00e9spera. S\u00e3o todos top.&#8217;<\/p>\n<p>Gra\u00e7as a esses t\u00e9cnicos, Roberio de Ogum antev\u00ea mais sucesso para Palmeiras, Gr\u00eamio, Internacional, Santos e Corinthians. Ou melhor: &#8216;Se o Mundial de Clubes fosse amanh\u00e3, o Corinthians n\u00e3o seria campe\u00e3o. A diretoria n\u00e3o pode se desfazer de jogadores, como vem fazendo. Qualquer coisa que se mexa compromete o momento de ilumina\u00e7\u00e3o. Sempre disse que o Corinthians n\u00e3o seria campe\u00e3o da Libertadores. Mas, neste ano, mudei a previs\u00e3o. Sabe por qu\u00ea? O clube vivia um momento de supera\u00e7\u00e3o com esse grupo. Um conselheiro corintiano me ligou antes da semifinal contra o Santos, e um diretor de futebol falou com um assistente meu. Disse para eles ficarem tranquilos porque seria 1 a 0, j\u00e1 que o Neymar e o Santos atravessavam um momento espiritualmente complicado. Acertei.&#8217;Para alegria dos palmeirenses, a previs\u00e3o tamb\u00e9m n\u00e3o \u00e9 boa para outro rival. &#8216;J\u00e1 disse uma vez que o S\u00e3o Paulo entraria em uma fase de agonia, que seria o fim da era vitoriosa de Muricy e Rog\u00e9rio Ceni, duas pessoas que controlavam os impulsos negativos da diretoria. Isso est\u00e1 se confirmando e faz parte de uma grande transforma\u00e7\u00e3o aguardada para o S\u00e3o Paulo. Haver\u00e1 uma guerra l\u00e1 dentro que vai dar muito que falar, com bastante confus\u00e3o entre dirigente. Isso passa para o time. Sou muito convicto do que vi para o clube&#8217;, alertou Roberio de Ogum, antes de acalmar (um pouco) os tricolores. &#8216;Rebaixamento? N\u00e3o, n\u00e3o. N\u00e3o vai chegar a esse ponto. A estrutura de anos atr\u00e1s consegue conter qualquer turbul\u00eancia.&#8217;<\/p>\n<p>Quem j\u00e1 deixou um per\u00edodo turbulento de lado e pode servir de exemplo para o S\u00e3o Paulo, caso Roberio de Ogum esteja certo, \u00e9 Luiz Felipe Scolari. Dois meses depois de anunciar que n\u00e3o renovaria o seu contrato com o Palmeiras, o comandante ga\u00facho est\u00e1 novamente iluminado &#8211; e com sorte de campe\u00e3o.<\/p>\n<p>&nbsp;<\/p>\n<p>Fonte: Revista Veja<\/p>\n","protected":false},"excerpt":{"rendered":"<p>&#8220;Roberio acerta previs\u00e3o sobre Palmeiras&#8221; Quando ouviu um coment\u00e1rio sobre o &#8216;azar&#8217; que acometeu o Palmeiras antes da conquista da Copa do Brasil, o t\u00e9cnico [&hellip;]<\/p>\n","protected":false},"author":1,"featured_media":91,"comment_status":"open","ping_status":"open","sticky":false,"template":"","format":"standard","meta":{"footnotes":""},"categories":[7,8],"tags":[],"_links":{"self":[{"href":"http:\/\/portalroberiodeogum.com.br\/mc_2019\/index.php\/wp-json\/wp\/v2\/posts\/90"}],"collection":[{"href":"http:\/\/portalroberiodeogum.com.br\/mc_2019\/index.php\/wp-json\/wp\/v2\/posts"}],"about":[{"href":"http:\/\/portalroberiodeogum.com.br\/mc_2019\/index.php\/wp-json\/wp\/v2\/types\/post"}],"author":[{"embeddable":true,"href":"http:\/\/portalroberiodeogum.com.br\/mc_2019\/index.php\/wp-json\/wp\/v2\/users\/1"}],"replies":[{"embeddable":true,"href":"http:\/\/portalroberiodeogum.com.br\/mc_2019\/index.php\/wp-json\/wp\/v2\/comments?post=90"}],"version-history":[{"count":6,"href":"http:\/\/portalroberiodeogum.com.br\/mc_2019\/index.php\/wp-json\/wp\/v2\/posts\/90\/revisions"}],"predecessor-version":[{"id":8628,"href":"http:\/\/portalroberiodeogum.com.br\/mc_2019\/index.php\/wp-json\/wp\/v2\/posts\/90\/revisions\/8628"}],"wp:featuredmedia":[{"embeddable":true,"href":"http:\/\/portalroberiodeogum.com.br\/mc_2019\/index.php\/wp-json\/wp\/v2\/media\/91"}],"wp:attachment":[{"href":"http:\/\/portalroberiodeogum.com.br\/mc_2019\/index.php\/wp-json\/wp\/v2\/media?parent=90"}],"wp:term":[{"taxonomy":"category","embeddable":true,"href":"http:\/\/portalroberiodeogum.com.br\/mc_2019\/index.php\/wp-json\/wp\/v2\/categories?post=90"},{"taxonomy":"post_tag","embeddable":true,"href":"http:\/\/portalroberiodeogum.com.br\/mc_2019\/index.php\/wp-json\/wp\/v2\/tags?post=90"}],"curies":[{"name":"wp","href":"https:\/\/api.w.org\/{rel}","templated":true}]}}