{"id":8967,"date":"2015-10-13T07:38:25","date_gmt":"2015-10-13T10:38:25","guid":{"rendered":"http:\/\/portalroberiodeogum.com.br\/?p=8967"},"modified":"2015-10-13T07:37:34","modified_gmt":"2015-10-13T10:37:34","slug":"8967","status":"publish","type":"post","link":"http:\/\/portalroberiodeogum.com.br\/mc_2019\/index.php\/2015\/10\/13\/8967\/","title":{"rendered":""},"content":{"rendered":"<p><a href=\"http:\/\/portalroberiodeogum.com.br\/?attachment_id=8968\" rel=\"attachment wp-att-8968\"><img fetchpriority=\"high\" decoding=\"async\" src=\"http:\/\/portalroberiodeogum.com.br\/wp-content\/uploads\/2015\/08\/pai.jpg\" alt=\"pai\" width=\"960\" height=\"540\" class=\"alignnone size-full wp-image-8968\" \/><\/a><\/p>\n<p>Feliz dia dos pais&#8230;.<\/p>\n<p>A meu pai&#8230;.<\/p>\n<p>Eu deveria ter vivido mais ao seu lado, pai!<br \/>\nTer ouvido mais suas palavras, n\u00e3o as ter contestado tanto.<br \/>\nDeveria ter enxergado a profundidade das suas verdades, mergulhado mais no seu car\u00e1ter.<br \/>\nTeria, eu aprendido como se comemora uma vit\u00f3ria, n\u00e3o me abater numa derrota.<br \/>\nDeveria ter andando mais a seu lado, teria aprendido a me levantar quando cai diante de uma fraqueza da vida.<br \/>\nAh, seu tivesse mais dias para te observar, aprenderia como se faz para se perdoar os que sobre n\u00f3s tenham inveja.<br \/>\nEu deveria ter acreditado mais na sua sabedoria, assim teria eu sofrido menos.<br \/>\nDeveria ter me espelhado mais na sua simplicidade, teria assim vivido mais simples, sem dar tanta import\u00e2ncia a coisas que alimentam a vaidade, que roubam nossas ess\u00eancias.<br \/>\nO tempo que DEUS nos permitiu vivermos juntos, foi rico em verdades, farto em amizade, foi o tempo que me fez feto, crian\u00e7a, adulto e pai como voc\u00ea!<br \/>\nPara viver at\u00e9 hoje, me inspiro em voc\u00ea em quase tudo que voc\u00ea foi: pai e amigo!<br \/>\nObrigado DEUS pelo pai que me deste! Foi f\u00e1cil viver meu carma ao lado dele.<br \/>\nDaqui da terra eu te comprimento pelo seu dia!<br \/>\nO meu presente hoje pra ti \u00e9 ora\u00e7\u00e3o que aprendi a rezar contigo, a ora\u00e7\u00e3o de S\u00e3o Francisco de Assis.<br \/>\nTe pe\u00e7o pai, da\u00ed do plano espiritual, me d\u00ea intui\u00e7\u00e3o, equil\u00edbrio para cumprir meu carma e viver a vida eterna na casa de DEUS e assim tamb\u00e9m estarei a seu lado!<br \/>\nEnfim, me d\u00ea prote\u00e7\u00e3o, com a gra\u00e7a de DEUS!<\/p>\n<p>Obrigado DEUS pelo carma que me deste e o pai que escolheste para viver comigo nesta vida! RDO.<\/p>\n","protected":false},"excerpt":{"rendered":"<p>Feliz dia dos pais&#8230;. A meu pai&#8230;. Eu deveria ter vivido mais ao seu lado, pai! Ter ouvido mais suas palavras, n\u00e3o as ter contestado [&hellip;]<\/p>\n","protected":false},"author":1,"featured_media":0,"comment_status":"closed","ping_status":"closed","sticky":false,"template":"","format":"standard","meta":{"footnotes":""},"categories":[100],"tags":[],"_links":{"self":[{"href":"http:\/\/portalroberiodeogum.com.br\/mc_2019\/index.php\/wp-json\/wp\/v2\/posts\/8967"}],"collection":[{"href":"http:\/\/portalroberiodeogum.com.br\/mc_2019\/index.php\/wp-json\/wp\/v2\/posts"}],"about":[{"href":"http:\/\/portalroberiodeogum.com.br\/mc_2019\/index.php\/wp-json\/wp\/v2\/types\/post"}],"author":[{"embeddable":true,"href":"http:\/\/portalroberiodeogum.com.br\/mc_2019\/index.php\/wp-json\/wp\/v2\/users\/1"}],"replies":[{"embeddable":true,"href":"http:\/\/portalroberiodeogum.com.br\/mc_2019\/index.php\/wp-json\/wp\/v2\/comments?post=8967"}],"version-history":[{"count":1,"href":"http:\/\/portalroberiodeogum.com.br\/mc_2019\/index.php\/wp-json\/wp\/v2\/posts\/8967\/revisions"}],"predecessor-version":[{"id":8969,"href":"http:\/\/portalroberiodeogum.com.br\/mc_2019\/index.php\/wp-json\/wp\/v2\/posts\/8967\/revisions\/8969"}],"wp:attachment":[{"href":"http:\/\/portalroberiodeogum.com.br\/mc_2019\/index.php\/wp-json\/wp\/v2\/media?parent=8967"}],"wp:term":[{"taxonomy":"category","embeddable":true,"href":"http:\/\/portalroberiodeogum.com.br\/mc_2019\/index.php\/wp-json\/wp\/v2\/categories?post=8967"},{"taxonomy":"post_tag","embeddable":true,"href":"http:\/\/portalroberiodeogum.com.br\/mc_2019\/index.php\/wp-json\/wp\/v2\/tags?post=8967"}],"curies":[{"name":"wp","href":"https:\/\/api.w.org\/{rel}","templated":true}]}}