{"id":8632,"date":"2017-03-25T02:00:28","date_gmt":"2017-03-25T05:00:28","guid":{"rendered":"http:\/\/portalroberiodeogum.com.br\/?p=8632"},"modified":"2017-03-24T18:06:26","modified_gmt":"2017-03-24T21:06:26","slug":"sabado-dia-de-iemanja-e-oxum-pedir-para-iemanja","status":"publish","type":"post","link":"http:\/\/portalroberiodeogum.com.br\/mc_2019\/index.php\/2017\/03\/25\/sabado-dia-de-iemanja-e-oxum-pedir-para-iemanja\/","title":{"rendered":"S\u00e1bado dia de Iemanj\u00e1 e Oxum"},"content":{"rendered":"<p>Iemanj\u00e1 neste \u00a024 de Janeiro protege todos que s\u00e3o devotos de seu ax\u00e9, contra invejas e demandas, ent\u00e3o o dia e positivo para pedir a est\u00e1 Iab\u00e1 n\u00f3s livrar de todo o mal humano, e afastar de nossos caminhos as maldades. Acenda uma vela azul, tome um banho de sal grosso firme seu pedidos e pensamentos, fa\u00e7a com f\u00e9.<\/p>\n<p>Conhe\u00e7a mais sobre Iemanj\u00e1.<\/p>\n<p>Na\u00a0<a class=\"mw-redirect\" title=\"Mitologia yoruba\" href=\"http:\/\/pt.wikipedia.org\/wiki\/Mitologia_yoruba\">mitologia ioruba<\/a>, o dono do mar \u00e9\u00a0<a title=\"Olokun\" href=\"http:\/\/pt.wikipedia.org\/wiki\/Olokun\">Olokun<\/a>, que \u00e9 pai de Iemanj\u00e1, sendo ambos de origem\u00a0<a class=\"mw-redirect\" title=\"Egb\u00e1\" href=\"http:\/\/pt.wikipedia.org\/wiki\/Egb%C3%A1\">Egb\u00e1<\/a>. Yemoj\u00e1 \u00e9 saudada como\u00a0<i>Od\u00f2<\/i>\u00a0(&#8220;rio&#8221;)\u00a0<i>\u00ecy\u00e1<\/i>(&#8220;m\u00e3e&#8221;) pelo povo\u00a0<a class=\"mw-redirect\" title=\"Egb\u00e1\" href=\"http:\/\/pt.wikipedia.org\/wiki\/Egb%C3%A1\">Egb\u00e1<\/a>, por sua liga\u00e7\u00e3o com Olokun, orix\u00e1 do mar (masculino no\u00a0<a title=\"Benim\" href=\"http:\/\/pt.wikipedia.org\/wiki\/Benim\">Benim<\/a>\u00a0e feminino em\u00a0<a title=\"If\u00e9\" href=\"http:\/\/pt.wikipedia.org\/wiki\/If%C3%A9\">If\u00e9<\/a>), referida como sendo a &#8220;rainha do mar&#8221; em outros pa\u00edses. \u00c9 cultuada no rio \u00d2g\u00f9n, em\u00a0<a title=\"Abeokuta\" href=\"http:\/\/pt.wikipedia.org\/wiki\/Abeokuta\">Abeokuta<\/a>.<\/p>\n<h3><span id=\"Hist.C3.B3ria\" class=\"mw-headline\">Hist\u00f3ria<\/span><span class=\"mw-editsection\"><span class=\"mw-editsection-bracket\">[<\/span><a class=\"mw-editsection-visualeditor\" title=\"Editar sec\u00e7\u00e3o: Hist\u00f3ria\" href=\"http:\/\/pt.wikipedia.org\/w\/index.php?title=Iemanj%C3%A1&amp;veaction=edit&amp;vesection=3\">editar<\/a><span class=\"mw-editsection-divider\">\u00a0|\u00a0<\/span><a title=\"Editar sec\u00e7\u00e3o: Hist\u00f3ria\" href=\"http:\/\/pt.wikipedia.org\/w\/index.php?title=Iemanj%C3%A1&amp;action=edit&amp;section=3\">editar c\u00f3digo-fonte<\/a><span class=\"mw-editsection-bracket\">]<\/span><\/span><\/h3>\n<p><a title=\"Pierre Verger\" href=\"http:\/\/pt.wikipedia.org\/wiki\/Pierre_Verger\">Pierre Verger<\/a>, no livro\u00a0<i>Dieux d&#8217;Afrique<\/i><span id=\"cite_ref-6\" class=\"reference\"><a href=\"http:\/\/pt.wikipedia.org\/wiki\/Iemanj%C3%A1#cite_note-6\">6<\/a><\/span>\u00a0, registrou: &#8220;Iemanj\u00e1 \u00e9 o orix\u00e1 das \u00e1guas doces e salgadas dos\u00a0<a class=\"mw-redirect\" title=\"Egb\u00e1\" href=\"http:\/\/pt.wikipedia.org\/wiki\/Egb%C3%A1\">Egb\u00e1<\/a>, uma na\u00e7\u00e3o\u00a0<a class=\"mw-redirect\" title=\"Yoruba\" href=\"http:\/\/pt.wikipedia.org\/wiki\/Yoruba\">yoruba<\/a>\u00a0estabelecida outrora na regi\u00e3o entre\u00a0<a title=\"If\u00e9\" href=\"http:\/\/pt.wikipedia.org\/wiki\/If%C3%A9\">If\u00e9<\/a>\u00a0e\u00a0<a title=\"Ibadan\" href=\"http:\/\/pt.wikipedia.org\/wiki\/Ibadan\">Ibadan<\/a>, onde existe ainda o rio Yemoja<span id=\"cite_ref-7\" class=\"reference\"><a href=\"http:\/\/pt.wikipedia.org\/wiki\/Iemanj%C3%A1#cite_note-7\">7<\/a><\/span>\u00a0. As guerras entre na\u00e7\u00f5es yorubas levaram os Egb\u00e1 a emigrar na dire\u00e7\u00e3o oeste, para\u00a0<a title=\"Abeokuta\" href=\"http:\/\/pt.wikipedia.org\/wiki\/Abeokuta\">Abeokuta<\/a>, no in\u00edcio do\u00a0<a title=\"S\u00e9culo XIX\" href=\"http:\/\/pt.wikipedia.org\/wiki\/S%C3%A9culo_XIX\">s\u00e9culo XIX<\/a>. N\u00e3o lhes foi poss\u00edvel levar o rio, mas transportaram consigo os objetos sagrados, suportes do\u00a0<a title=\"Ax\u00e9\" href=\"http:\/\/pt.wikipedia.org\/wiki\/Ax%C3%A9\">ax\u00e9<\/a>\u00a0da divindade. O rio \u00d2g\u00f9n<span id=\"cite_ref-8\" class=\"reference\"><a href=\"http:\/\/pt.wikipedia.org\/wiki\/Iemanj%C3%A1#cite_note-8\">8<\/a><\/span>\u00a0, que atravessa a regi\u00e3o, tornou-se, a partir de ent\u00e3o, a nova morada de Iemanj\u00e1. Este rio \u00d2g\u00f9n n\u00e3o deve, entretanto, ser confundido com \u00d2g\u00fan (<a title=\"Ogum\" href=\"http:\/\/pt.wikipedia.org\/wiki\/Ogum\">Ogum<\/a>), o orix\u00e1 do\u00a0<a title=\"Ferro\" href=\"http:\/\/pt.wikipedia.org\/wiki\/Ferro\">ferro<\/a>\u00a0e dos\u00a0<a title=\"Ferreiro\" href=\"http:\/\/pt.wikipedia.org\/wiki\/Ferreiro\">ferreiros<\/a>.&#8221;<\/p>\n<p>No\u00a0<a title=\"Brasil\" href=\"http:\/\/pt.wikipedia.org\/wiki\/Brasil\">Brasil<\/a>, a orix\u00e1 goza de grande popularidade entre os seguidores de\u00a0<a title=\"Religi\u00f5es afro-brasileiras\" href=\"http:\/\/pt.wikipedia.org\/wiki\/Religi%C3%B5es_afro-brasileiras\">religi\u00f5es afro-brasileiras<\/a>\u00a0e at\u00e9 por membros de religi\u00f5es distintas. Em\u00a0<a title=\"Salvador (Bahia)\" href=\"http:\/\/pt.wikipedia.org\/wiki\/Salvador_(Bahia)\">Salvador<\/a>, ocorre anualmente, no dia\u00a0<a title=\"2 de fevereiro\" href=\"http:\/\/pt.wikipedia.org\/wiki\/2_de_fevereiro\">2 de fevereiro<\/a>, a maior festa do pa\u00eds em homenagem \u00e0 &#8220;Rainha do\u00a0<a title=\"Mar\" href=\"http:\/\/pt.wikipedia.org\/wiki\/Mar\">Mar<\/a>&#8220;. A celebra\u00e7\u00e3o envolve milhares de pessoas que, trajadas de branco, saem em\u00a0<a title=\"Prociss\u00e3o\" href=\"http:\/\/pt.wikipedia.org\/wiki\/Prociss%C3%A3o\">prociss\u00e3o<\/a>\u00a0at\u00e9 o templo mor, localizado no bairro\u00a0<a title=\"Rio Vermelho (Salvador)\" href=\"http:\/\/pt.wikipedia.org\/wiki\/Rio_Vermelho_(Salvador)\">Rio Vermelho<\/a>, onde depositam variedades de oferendas, tais como\u00a0<a title=\"Espelho\" href=\"http:\/\/pt.wikipedia.org\/wiki\/Espelho\">espelhos<\/a>,\u00a0<a title=\"Bijuteria\" href=\"http:\/\/pt.wikipedia.org\/wiki\/Bijuteria\">bijuterias<\/a>, comidas, perfumes e toda sorte de agrados. Todavia, na cidade de S\u00e3o Gon\u00e7alo, os festejos acontecem no dia\u00a0<a title=\"10 de fevereiro\" href=\"http:\/\/pt.wikipedia.org\/wiki\/10_de_fevereiro\">10 de fevereiro<\/a>.<\/p>\n<p>Outra festa importante dedicada a Iemanj\u00e1 ocorre durante a passagem de ano no\u00a0<a title=\"Rio de Janeiro (cidade)\" href=\"http:\/\/pt.wikipedia.org\/wiki\/Rio_de_Janeiro_(cidade)\">Rio de Janeiro<\/a>\u00a0e em todo litoral brasileiro. Milhares de pessoas comparecem e depositam no mar, oferendas para a divindade. A celebra\u00e7\u00e3o tamb\u00e9m inclui o tradicional &#8220;banho de pipoca&#8221; e as sete ondas que os fi\u00e9is, ou at\u00e9 mesmo seguidores de outras religi\u00f5es, pulam como forma de pedir sorte \u00e0 orix\u00e1. Na\u00a0<a title=\"Umbanda\" href=\"http:\/\/pt.wikipedia.org\/wiki\/Umbanda\">umbanda<\/a>, \u00e9 considerada a divindade do mar.<\/p>\n<table>\n<tbody>\n<tr>\n<td><img decoding=\"async\" src=\"http:\/\/upload.wikimedia.org\/wikipedia\/commons\/thumb\/4\/4d\/Cquote1.svg\/20px-Cquote1.svg.png\" alt=\"Cquote1.svg\" width=\"20\" height=\"15\" data-file-width=\"40\" data-file-height=\"30\" \/><\/td>\n<td>Iemanj\u00e1, rainha do mar, \u00e9 tamb\u00e9m conhecida por dona Jana\u00edna, Ina\u00ea, Princesa de Aioc\u00e1 e Maria, no paralelismo com a religi\u00e3o cat\u00f3lica. Aioc\u00e1 \u00e9 o reino das terras misteriosas da felicidade e da liberdade, imagem das terras natais da \u00c1frica, saudades dos dias livres na floresta.<\/td>\n<td><img decoding=\"async\" src=\"http:\/\/upload.wikimedia.org\/wikipedia\/commons\/thumb\/1\/1a\/Cquote2.svg\/20px-Cquote2.svg.png\" alt=\"Cquote2.svg\" width=\"20\" height=\"15\" data-file-width=\"40\" data-file-height=\"30\" \/><\/p>\n<div>\u2014\u00a0<a title=\"Jorge Amado\" href=\"http:\/\/pt.wikipedia.org\/wiki\/Jorge_Amado\">Jorge Amado<\/a><\/div>\n<\/td>\n<\/tr>\n<\/tbody>\n<\/table>\n<p>No ano de 2008, dia\u00a0<a title=\"2 de fevereiro\" href=\"http:\/\/pt.wikipedia.org\/wiki\/2_de_fevereiro\">2 de fevereiro<\/a>, a\u00a0<a title=\"Festa de Iemanj\u00e1\" href=\"http:\/\/pt.wikipedia.org\/wiki\/Festa_de_Iemanj%C3%A1\">Festa de Iemanj\u00e1<\/a>\u00a0do\u00a0<a title=\"Rio de Janeiro (cidade)\" href=\"http:\/\/pt.wikipedia.org\/wiki\/Rio_de_Janeiro_(cidade)\">Rio de Janeiro<\/a>, na\u00a0<a title=\"Bahia\" href=\"http:\/\/pt.wikipedia.org\/wiki\/Bahia\">Bahia<\/a>, coincidiu com o\u00a0<a title=\"Carnaval\" href=\"http:\/\/pt.wikipedia.org\/wiki\/Carnaval\">carnaval<\/a>. Os desfiles de\u00a0<a class=\"mw-redirect\" title=\"Trios el\u00e9tricos\" href=\"http:\/\/pt.wikipedia.org\/wiki\/Trios_el%C3%A9tricos\">trios el\u00e9tricos<\/a>\u00a0foram desviados da regi\u00e3o at\u00e9 o fim da tarde, para que as duas festas acontecessem ao mesmo tempo.<\/p>\n<p>Antecedendo o\u00a0<i><a class=\"mw-redirect\" title=\"R\u00e9veillon\" href=\"http:\/\/pt.wikipedia.org\/wiki\/R%C3%A9veillon\">r\u00e9veillon<\/a><\/i>\u00a0de 2008, devotos da orix\u00e1 das \u00e1guas estiveram nesse momento, com suas preces dirigidas a um\u00a0<a title=\"Arranha-c\u00e9u\" href=\"http:\/\/pt.wikipedia.org\/wiki\/Arranha-c%C3%A9u\">arranha-c\u00e9us<\/a>, em forma de um\u00a0<a title=\"Mon\u00f3lito\" href=\"http:\/\/pt.wikipedia.org\/wiki\/Mon%C3%B3lito\">mon\u00f3lito<\/a>\u00a0negro, na Praia do Leme, em\u00a0<a title=\"Copacabana\" href=\"http:\/\/pt.wikipedia.org\/wiki\/Copacabana\">Copacabana<\/a>, onde era costume, no \u00faltimo minuto do ano, surgir uma cascata de fogo, no topo desse mon\u00f3lito, iluminando o entorno bem como as oferendas. Todo\u00a0<i>r\u00e9veillon<\/i>, principalmente na cidade do\u00a0<a title=\"Rio de Janeiro (cidade)\" href=\"http:\/\/pt.wikipedia.org\/wiki\/Rio_de_Janeiro_(cidade)\">Rio de Janeiro<\/a>, no bairro de\u00a0<a title=\"Copacabana\" href=\"http:\/\/pt.wikipedia.org\/wiki\/Copacabana\">Copacabana<\/a>, milhares de pessoas se re\u00fanem para cantar e presentear Iemanj\u00e1, jogando presentes e rosas no mar.<\/p>\n<p>Al\u00e9m da grande diversidade de nomes africanos pelos quais Iemanj\u00e1 \u00e9 conhecida, a forma portuguesa Jana\u00edna tamb\u00e9m \u00e9 utilizada, embora em raras ocasi\u00f5es. A\u00a0<a title=\"Alcunha\" href=\"http:\/\/pt.wikipedia.org\/wiki\/Alcunha\">alcunha<\/a>, criada durante a escravid\u00e3o, foi a maneira mais branda de &#8220;<a title=\"Sincretismo\" href=\"http:\/\/pt.wikipedia.org\/wiki\/Sincretismo\">sincretismo<\/a>&#8221; encontrada pelos\u00a0<a class=\"mw-disambig\" title=\"Negro\" href=\"http:\/\/pt.wikipedia.org\/wiki\/Negro\">negros<\/a>\u00a0para a perpetua\u00e7\u00e3o de seus cultos tradicionais sem a interven\u00e7\u00e3o de seus senhores, que consideravam inadmiss\u00edveis tais &#8220;manifesta\u00e7\u00f5es pag\u00e3s&#8221; em suas propriedades.<span id=\"cite_ref-9\" class=\"reference\"><a href=\"http:\/\/pt.wikipedia.org\/wiki\/Iemanj%C3%A1#cite_note-9\">9<\/a><\/span>\u00a0Embora tal invoca\u00e7\u00e3o tenha ca\u00eddo em desuso, v\u00e1rias composi\u00e7\u00f5es de autoria popular foram realizadas de forma a saudar a &#8220;Jana\u00edna do\u00a0<a title=\"Mar\" href=\"http:\/\/pt.wikipedia.org\/wiki\/Mar\">Mar<\/a>&#8221; e como can\u00e7\u00f5es lit\u00fargicas.<\/p>\n<p>Pela primeira vez, em 2 de fevereiro de 2010, uma escultura de uma sereia negra, criada pelo artista pl\u00e1stico Washington Santana, foi escolhida para representa\u00e7\u00e3o de Iemanj\u00e1 no grande e tradicional presente da festa do\u00a0<a class=\"mw-redirect\" title=\"Rio Vermelho (bairro de Salvador)\" href=\"http:\/\/pt.wikipedia.org\/wiki\/Rio_Vermelho_(bairro_de_Salvador)\">Rio Vermelho<\/a>, em\u00a0<a title=\"Salvador (Bahia)\" href=\"http:\/\/pt.wikipedia.org\/wiki\/Salvador_(Bahia)\">Salvador<\/a>, na\u00a0<a title=\"Bahia\" href=\"http:\/\/pt.wikipedia.org\/wiki\/Bahia\">Bahia<\/a>, no\u00a0<a title=\"Brasil\" href=\"http:\/\/pt.wikipedia.org\/wiki\/Brasil\">Brasil<\/a>, em homenagem \u00e0 \u00c1frica e \u00e0 religi\u00e3o afrodescendente.<span id=\"cite_ref-10\" class=\"reference\"><a href=\"http:\/\/pt.wikipedia.org\/wiki\/Iemanj%C3%A1#cite_note-10\">10<\/a><\/span><\/p>\n","protected":false},"excerpt":{"rendered":"<p>Iemanj\u00e1 neste \u00a024 de Janeiro protege todos que s\u00e3o devotos de seu ax\u00e9, contra invejas e demandas, ent\u00e3o o dia e positivo para pedir a [&hellip;]<\/p>\n","protected":false},"author":1,"featured_media":8633,"comment_status":"closed","ping_status":"closed","sticky":false,"template":"","format":"standard","meta":{"footnotes":""},"categories":[68],"tags":[],"_links":{"self":[{"href":"http:\/\/portalroberiodeogum.com.br\/mc_2019\/index.php\/wp-json\/wp\/v2\/posts\/8632"}],"collection":[{"href":"http:\/\/portalroberiodeogum.com.br\/mc_2019\/index.php\/wp-json\/wp\/v2\/posts"}],"about":[{"href":"http:\/\/portalroberiodeogum.com.br\/mc_2019\/index.php\/wp-json\/wp\/v2\/types\/post"}],"author":[{"embeddable":true,"href":"http:\/\/portalroberiodeogum.com.br\/mc_2019\/index.php\/wp-json\/wp\/v2\/users\/1"}],"replies":[{"embeddable":true,"href":"http:\/\/portalroberiodeogum.com.br\/mc_2019\/index.php\/wp-json\/wp\/v2\/comments?post=8632"}],"version-history":[{"count":2,"href":"http:\/\/portalroberiodeogum.com.br\/mc_2019\/index.php\/wp-json\/wp\/v2\/posts\/8632\/revisions"}],"predecessor-version":[{"id":8901,"href":"http:\/\/portalroberiodeogum.com.br\/mc_2019\/index.php\/wp-json\/wp\/v2\/posts\/8632\/revisions\/8901"}],"wp:featuredmedia":[{"embeddable":true,"href":"http:\/\/portalroberiodeogum.com.br\/mc_2019\/index.php\/wp-json\/wp\/v2\/media\/8633"}],"wp:attachment":[{"href":"http:\/\/portalroberiodeogum.com.br\/mc_2019\/index.php\/wp-json\/wp\/v2\/media?parent=8632"}],"wp:term":[{"taxonomy":"category","embeddable":true,"href":"http:\/\/portalroberiodeogum.com.br\/mc_2019\/index.php\/wp-json\/wp\/v2\/categories?post=8632"},{"taxonomy":"post_tag","embeddable":true,"href":"http:\/\/portalroberiodeogum.com.br\/mc_2019\/index.php\/wp-json\/wp\/v2\/tags?post=8632"}],"curies":[{"name":"wp","href":"https:\/\/api.w.org\/{rel}","templated":true}]}}