{"id":7961,"date":"2016-03-09T00:13:00","date_gmt":"2016-03-09T03:13:00","guid":{"rendered":"http:\/\/portalroberiodeogum.com.br\/?p=7961"},"modified":"2020-08-22T00:08:08","modified_gmt":"2020-08-22T03:08:08","slug":"oracao-gloria-ao-pai","status":"publish","type":"post","link":"http:\/\/portalroberiodeogum.com.br\/mc_2019\/index.php\/2016\/03\/09\/oracao-gloria-ao-pai\/","title":{"rendered":"Ora\u00e7\u00e3o Gl\u00f3ria ao Pai"},"content":{"rendered":"<p>Gl\u00f3ria ao Pai, ao Filho e ao Esp\u00edrito Santo, assim como era no princ\u00edpio, agora e sempre, e pelos s\u00e9culos dos s\u00e9culos. Am\u00e9m<\/p>\n<p>Ora\u00e7\u00e3o Gl\u00f3ria ao Pai em Latim:<\/p>\n<p>Gloria Patri, et Filio, et Spiritui Sancto. Sicut era in principio, et nunc, et semper et in saecula saeculorum, Amen.<\/p>\n","protected":false},"excerpt":{"rendered":"<p>Gl\u00f3ria ao Pai, ao Filho e ao Esp\u00edrito Santo, assim como era no princ\u00edpio, agora e sempre, e pelos s\u00e9culos dos s\u00e9culos. Am\u00e9m Ora\u00e7\u00e3o Gl\u00f3ria [&hellip;]<\/p>\n","protected":false},"author":1,"featured_media":18331,"comment_status":"closed","ping_status":"closed","sticky":false,"template":"","format":"standard","meta":{"footnotes":""},"categories":[15],"tags":[],"_links":{"self":[{"href":"http:\/\/portalroberiodeogum.com.br\/mc_2019\/index.php\/wp-json\/wp\/v2\/posts\/7961"}],"collection":[{"href":"http:\/\/portalroberiodeogum.com.br\/mc_2019\/index.php\/wp-json\/wp\/v2\/posts"}],"about":[{"href":"http:\/\/portalroberiodeogum.com.br\/mc_2019\/index.php\/wp-json\/wp\/v2\/types\/post"}],"author":[{"embeddable":true,"href":"http:\/\/portalroberiodeogum.com.br\/mc_2019\/index.php\/wp-json\/wp\/v2\/users\/1"}],"replies":[{"embeddable":true,"href":"http:\/\/portalroberiodeogum.com.br\/mc_2019\/index.php\/wp-json\/wp\/v2\/comments?post=7961"}],"version-history":[{"count":3,"href":"http:\/\/portalroberiodeogum.com.br\/mc_2019\/index.php\/wp-json\/wp\/v2\/posts\/7961\/revisions"}],"predecessor-version":[{"id":12535,"href":"http:\/\/portalroberiodeogum.com.br\/mc_2019\/index.php\/wp-json\/wp\/v2\/posts\/7961\/revisions\/12535"}],"wp:featuredmedia":[{"embeddable":true,"href":"http:\/\/portalroberiodeogum.com.br\/mc_2019\/index.php\/wp-json\/wp\/v2\/media\/18331"}],"wp:attachment":[{"href":"http:\/\/portalroberiodeogum.com.br\/mc_2019\/index.php\/wp-json\/wp\/v2\/media?parent=7961"}],"wp:term":[{"taxonomy":"category","embeddable":true,"href":"http:\/\/portalroberiodeogum.com.br\/mc_2019\/index.php\/wp-json\/wp\/v2\/categories?post=7961"},{"taxonomy":"post_tag","embeddable":true,"href":"http:\/\/portalroberiodeogum.com.br\/mc_2019\/index.php\/wp-json\/wp\/v2\/tags?post=7961"}],"curies":[{"name":"wp","href":"https:\/\/api.w.org\/{rel}","templated":true}]}}