{"id":7933,"date":"2017-05-29T02:00:37","date_gmt":"2017-05-29T05:00:37","guid":{"rendered":"http:\/\/portalroberiodeogum.com.br\/?p=7933"},"modified":"2017-05-27T22:49:57","modified_gmt":"2017-05-28T01:49:57","slug":"segunda-feira-dia-de-exu-e-obaluae-hoje-vamos-pedir-para-exu-axe","status":"publish","type":"post","link":"http:\/\/portalroberiodeogum.com.br\/mc_2019\/index.php\/2017\/05\/29\/segunda-feira-dia-de-exu-e-obaluae-hoje-vamos-pedir-para-exu-axe\/","title":{"rendered":"Segunda -Feira: EX\u00da E OBALUA\u00ca. Hoje vamos pedir para EX\u00da."},"content":{"rendered":"<p>Exu \u00e9 o orix\u00e1 que entende como ningu\u00e9m o princ\u00edpio da reciprocidade, e, se agradado como se deve, saber\u00e1 retribuir; quando agradecido pela sua retribui\u00e7\u00e3o,\u00e9 o que cuida das casas,cidades,aldeias e do ax\u00e9.Exu \u00e9 a figura mais controvertida dos cultos afro-brasileiros e tamb\u00e9m a mais conhecida. H\u00e1, antes de mais nada, a discuss\u00e3o se Exu \u00e9 um Orix\u00e1 ou apenas uma entidade,pois \u00e9 ele que serve de mensageiro entre os Deuses e os seres humanos. Exu \u00e9 o guardi\u00e3o.<br \/>\nEnt\u00e3o salde Ex\u00fa: Sauda\u00e7\u00e3o de Ex\u00fa Orix\u00e1 (Oriki) sua tradu\u00e7\u00e3o para Portugu\u00eas com, normalmente utilizada no candombl\u00e9 e no Culto Aos Orix\u00e1s de na\u00e7\u00e3o (Keto , &#8230; As\u00f2nt\u00fan se \u00f2s\u00ec l\u00e1\u00ec n\u00ed \u00edtij\u00fa,; \u00c8s\u00f9 \u00e0p\u00e1ta s\u00f3mo ol\u00f3mo l\u00e9nu,; O fi ok\u00fata d\u00edp\u00f2 iy\u00f2.<br \/>\nPe\u00e7a para Ex\u00fa:<\/p>\n<p>Salve Oxal\u00e1! Salve todos Orix\u00e1s!<\/p>\n<p>SALVE OXAL\u00c1 permita que o mensageiro dos Orix\u00e1s Ex\u00fa n\u00f3s auxilie em nossos pedidos, Oxal\u00e1. (repita 3 vezes) depois salde Ex\u00fa, SALVE EX\u00da senhor mensageiro dos Orix\u00e1s (repita 3 vezes) .Orix\u00e1 Exu me livre de todos os esp\u00edritos do mal,das trevas, de todas as invejas de qualquer humano de seus olhos gordos, fortalece minha defesa espiritual, me ajude a vencer todas as dificuldades do meu carma neste dia, livra-me das enfermidades trazida pelos esp\u00edritos obsessores, que encosta na minha mat\u00e9ria e derrama sobre ela seus fluidos doente,livrai-me das angustias, trazidas do plano espiritual, por esp\u00edritos das trevas. Ex\u00fa me livre de todo o mal,dai-me teu ax\u00e9,na gira de Ogum coloque minha prote\u00e7\u00e3o,Ax\u00e9 a Oxala.<\/p>\n<p>Acenda uma vela e c\u00f4r vermelha e ofere\u00e7a para EX\u00fa, nesta segunda-feira<\/p>\n","protected":false},"excerpt":{"rendered":"<p>Exu \u00e9 o orix\u00e1 que entende como ningu\u00e9m o princ\u00edpio da reciprocidade, e, se agradado como se deve, saber\u00e1 retribuir; quando agradecido pela sua retribui\u00e7\u00e3o,\u00e9 [&hellip;]<\/p>\n","protected":false},"author":2,"featured_media":7588,"comment_status":"closed","ping_status":"closed","sticky":false,"template":"","format":"standard","meta":{"footnotes":""},"categories":[68],"tags":[],"_links":{"self":[{"href":"http:\/\/portalroberiodeogum.com.br\/mc_2019\/index.php\/wp-json\/wp\/v2\/posts\/7933"}],"collection":[{"href":"http:\/\/portalroberiodeogum.com.br\/mc_2019\/index.php\/wp-json\/wp\/v2\/posts"}],"about":[{"href":"http:\/\/portalroberiodeogum.com.br\/mc_2019\/index.php\/wp-json\/wp\/v2\/types\/post"}],"author":[{"embeddable":true,"href":"http:\/\/portalroberiodeogum.com.br\/mc_2019\/index.php\/wp-json\/wp\/v2\/users\/2"}],"replies":[{"embeddable":true,"href":"http:\/\/portalroberiodeogum.com.br\/mc_2019\/index.php\/wp-json\/wp\/v2\/comments?post=7933"}],"version-history":[{"count":5,"href":"http:\/\/portalroberiodeogum.com.br\/mc_2019\/index.php\/wp-json\/wp\/v2\/posts\/7933\/revisions"}],"predecessor-version":[{"id":8436,"href":"http:\/\/portalroberiodeogum.com.br\/mc_2019\/index.php\/wp-json\/wp\/v2\/posts\/7933\/revisions\/8436"}],"wp:featuredmedia":[{"embeddable":true,"href":"http:\/\/portalroberiodeogum.com.br\/mc_2019\/index.php\/wp-json\/wp\/v2\/media\/7588"}],"wp:attachment":[{"href":"http:\/\/portalroberiodeogum.com.br\/mc_2019\/index.php\/wp-json\/wp\/v2\/media?parent=7933"}],"wp:term":[{"taxonomy":"category","embeddable":true,"href":"http:\/\/portalroberiodeogum.com.br\/mc_2019\/index.php\/wp-json\/wp\/v2\/categories?post=7933"},{"taxonomy":"post_tag","embeddable":true,"href":"http:\/\/portalroberiodeogum.com.br\/mc_2019\/index.php\/wp-json\/wp\/v2\/tags?post=7933"}],"curies":[{"name":"wp","href":"https:\/\/api.w.org\/{rel}","templated":true}]}}