{"id":762,"date":"2012-08-31T17:35:42","date_gmt":"2012-08-31T17:35:42","guid":{"rendered":"http:\/\/portalroberiodeogum.com.br\/?p=762"},"modified":"2013-01-03T12:44:25","modified_gmt":"2013-01-03T12:44:25","slug":"roberio-de-ogum-preve-que-um-africano-ira-exercer-o-cargo-de-papa","status":"publish","type":"post","link":"http:\/\/portalroberiodeogum.com.br\/mc_2019\/index.php\/2012\/08\/31\/roberio-de-ogum-preve-que-um-africano-ira-exercer-o-cargo-de-papa\/","title":{"rendered":"Roberio de Ogum prev\u00ea que um africano substituiria Jo\u00e3o Paulo II no cargo de Papa, mas erra."},"content":{"rendered":"<p><a href=\"http:\/\/portalroberiodeogum.com.br\/wp-content\/uploads\/2012\/08\/164-Roberio-de-Ogum-preve-que-o-Papa-Jo\u00e3o-Paulo-segundo-morrera.jpg\"><img fetchpriority=\"high\" decoding=\"async\" class=\"aligncenter size-full wp-image-763\" title=\"Roberio de Ogum prev\u00ea que o Papa Jo\u00e3o Paulo segundo morrer\u00e1.\" alt=\"\" src=\"http:\/\/portalroberiodeogum.com.br\/wp-content\/uploads\/2012\/08\/164-Roberio-de-Ogum-preve-que-o-Papa-Jo\u00e3o-Paulo-segundo-morrera.jpg\" width=\"393\" height=\"772\" \/><\/a><\/p>\n<p><a href=\"http:\/\/noticias.terra.com.br\/mundo\/mortedopapa\/interna\/0,,OI503299-EI4692,00.html\" target=\"_blank\">Link para confirma\u00e7\u00e3o.<\/a><\/p>\n","protected":false},"excerpt":{"rendered":"<p>Link para confirma\u00e7\u00e3o.<\/p>\n","protected":false},"author":2,"featured_media":766,"comment_status":"open","ping_status":"open","sticky":false,"template":"","format":"standard","meta":{"footnotes":""},"categories":[17],"tags":[],"_links":{"self":[{"href":"http:\/\/portalroberiodeogum.com.br\/mc_2019\/index.php\/wp-json\/wp\/v2\/posts\/762"}],"collection":[{"href":"http:\/\/portalroberiodeogum.com.br\/mc_2019\/index.php\/wp-json\/wp\/v2\/posts"}],"about":[{"href":"http:\/\/portalroberiodeogum.com.br\/mc_2019\/index.php\/wp-json\/wp\/v2\/types\/post"}],"author":[{"embeddable":true,"href":"http:\/\/portalroberiodeogum.com.br\/mc_2019\/index.php\/wp-json\/wp\/v2\/users\/2"}],"replies":[{"embeddable":true,"href":"http:\/\/portalroberiodeogum.com.br\/mc_2019\/index.php\/wp-json\/wp\/v2\/comments?post=762"}],"version-history":[{"count":4,"href":"http:\/\/portalroberiodeogum.com.br\/mc_2019\/index.php\/wp-json\/wp\/v2\/posts\/762\/revisions"}],"predecessor-version":[{"id":770,"href":"http:\/\/portalroberiodeogum.com.br\/mc_2019\/index.php\/wp-json\/wp\/v2\/posts\/762\/revisions\/770"}],"wp:featuredmedia":[{"embeddable":true,"href":"http:\/\/portalroberiodeogum.com.br\/mc_2019\/index.php\/wp-json\/wp\/v2\/media\/766"}],"wp:attachment":[{"href":"http:\/\/portalroberiodeogum.com.br\/mc_2019\/index.php\/wp-json\/wp\/v2\/media?parent=762"}],"wp:term":[{"taxonomy":"category","embeddable":true,"href":"http:\/\/portalroberiodeogum.com.br\/mc_2019\/index.php\/wp-json\/wp\/v2\/categories?post=762"},{"taxonomy":"post_tag","embeddable":true,"href":"http:\/\/portalroberiodeogum.com.br\/mc_2019\/index.php\/wp-json\/wp\/v2\/tags?post=762"}],"curies":[{"name":"wp","href":"https:\/\/api.w.org\/{rel}","templated":true}]}}