{"id":6563,"date":"2019-05-27T06:08:17","date_gmt":"2019-05-27T09:08:17","guid":{"rendered":"http:\/\/portalroberiodeogum.com.br\/?p=6563"},"modified":"2019-05-27T06:08:44","modified_gmt":"2019-05-27T09:08:44","slug":"ex-premie-silvio-berlusconi-e-expulso-do-senado-da-italiaconfirmacao","status":"publish","type":"post","link":"http:\/\/portalroberiodeogum.com.br\/mc_2019\/index.php\/2019\/05\/27\/ex-premie-silvio-berlusconi-e-expulso-do-senado-da-italiaconfirmacao\/","title":{"rendered":"Ex-premi\u00ea Silvio Berlusconi \u00e9 expulso do Senado da It\u00e1lia(Confirma\u00e7\u00e3o)"},"content":{"rendered":"<h2>Decis\u00e3o retira imunidade parlamentar do l\u00edder direitista.<br \/>\nAntes da vota\u00e7\u00e3o, ex-premi\u00ea afirmou que n\u00e3o vai deixar a pol\u00edtica.<\/h2>\n<p>&nbsp;<\/p>\n<div id=\"materia-letra\">\n<div>\n<div>\n<div><img fetchpriority=\"high\" decoding=\"async\" title=\"O ex-premi\u00ea italiano Silvio Berlusconi discursa nesta quarta-feira (27) para partid\u00e1rios em Roma (Foto: Tiziana Fabi\/AFP)\" src=\"http:\/\/s2.glbimg.com\/g-4zIzgYdBrT2hFIi-Puqpx5QP4=\/s.glbimg.com\/jo\/g1\/f\/original\/2013\/11\/27\/1_6.jpg\" alt=\"O ex-premi\u00ea italiano Silvio Berlusconi discursa nesta quarta-feira (27) para partid\u00e1rios em Roma (Foto: Tiziana Fabi\/AFP)\" width=\"620\" height=\"320\"\/>O ex-premi\u00ea italiano Silvio Berlusconi discursa nesta quarta-feira (27) para partid\u00e1rios em Roma (Foto: Tiziana Fabi\/AFP)<\/div>\n<div id=\"2983203\">\n<div>\n<div>\n<div><\/div>\n<p><img decoding=\"async\" src=\"http:\/\/s04.video.glbimg.com\/x240\/2983203.jpg\" alt=\"\"\/><\/p>\n<\/div>\n<\/div>\n<\/div>\n<p>O Senado da&nbsp;<a href=\"http:\/\/g1.globo.com\/topico\/italia.html\">It\u00e1lia<\/a>&nbsp;decidiu nesta quarta-feira (27) pela expuls\u00e3o do ex-premi\u00ea<a href=\"http:\/\/g1.globo.com\/topico\/silvio-berlusconi\/\">Silvio Berlusconi<\/a>, condenado em um caso de fraude fiscal mais cedo neste ano, em mais um dos recentes reveses na carreira pol\u00edtica do magnata das comunica\u00e7\u00f5es.<\/p>\n<p>O presidente do Senado, Pietro Grasso, fez o an\u00fancio da destitui\u00e7\u00e3o de Berlusconi ap\u00f3s a rejei\u00e7\u00e3o, pelos membros do Senado, em diversas rodadas de vota\u00e7\u00e3o, de v\u00e1rios documentos apresentados pelo &#8220;Cavaliere&#8221; para tentar evitar a expuls\u00e3o.<\/p>\n<p>&#8220;S\u00e3o, portanto, consideradas aprovadas as conclus\u00f5es da Comiss\u00e3o Eleitoral defendendo a invalida\u00e7\u00e3o da elei\u00e7\u00e3o do senador Silvio Berlusconi&#8221;, disse Grasso.<\/p>\n<div>\n<p>saiba mais<\/p>\n<ul>\n<li><a href=\"http:\/\/g1.globo.com\/topico\/silvio-berlusconi\/\">Leia mais not\u00edcias sobre Berlusconi<\/a><\/li>\n<li><a href=\"http:\/\/g1.globo.com\/mundo\/noticia\/2013\/11\/lembre-algumas-datas-importantes-da-carreira-de-silvio-berlusconi.html\">Relembre as principais datas da carreira pol\u00edtica do ex-premi\u00ea<\/a><\/li>\n<li><a href=\"http:\/\/g1.globo.com\/mundo\/noticia\/2013\/11\/conheca-trajetoria-de-silvio-berlusconi.html\">Conhe\u00e7a a trajet\u00f3ria de vida do &#8216;Cavaliere&#8217;<\/a><\/li>\n<\/ul>\n<\/div>\n<p>O plen\u00e1rio do Senado recusou nove propostas, apresentadas por v\u00e1rios senadores, para que n\u00e3o fosse aplicada a chamada &#8220;lei Severino&#8221;, criada no ano passado no governo do ex-premi\u00ea Mario Monti, que determinava que sejam expulsos do Parlamento todos os condenados a penas superiores a dois anos de pris\u00e3o.<\/p>\n<p>O resultado da vota\u00e7\u00e3o secreta n\u00e3o gerou surpresas, j\u00e1 que a esquerda e o Movimento Cinco Estrelas, do humorista Beppe Grillo, anunciaram um voto conjunto.<\/p>\n<p>&#8220;Atropelaram a democracia, os direitos e a liberdade&#8221;, declarou, visivelmente emocionado, ao prometer que continuar\u00e1 lutando por seus ideais fora do Parlamento.<\/p>\n<p>&#8220;\u00c9 uma decis\u00e3o que convida a vingan\u00e7a&#8221;, afirmou o magnata, que n\u00e3o poder\u00e1 ser candidato nas elei\u00e7\u00f5es italianas nem europeias nos pr\u00f3ximos seis anos.<\/p>\n<p>Na v\u00e9spera, Berlusconi anunciou que seu partido, o Forza Italia,&nbsp;<a href=\"http:\/\/g1.globo.com\/mundo\/noticia\/2013\/11\/partido-de-berlusconi-retira-apoio-ao-governo-na-italia.html\">estava retirando o apoio ao governo do premi\u00ea Enrico Letta<\/a>, de centro-esquerda, acusando-o de criar um &#8220;golpe de Estado&#8221; para afast\u00e1-lo da pol\u00edtica.<\/p>\n<p>Letta, por sua vez, afirmou que a perda de apoio n\u00e3o iria afetar a estabilidade de sua coaliz\u00e3o.<\/p>\n<p>Antes da vota\u00e7\u00e3o desta quarta, Berlusconi, de 77 anos, afirmou a partid\u00e1rios que a derrota<a href=\"http:\/\/g1.globo.com\/mundo\/noticia\/2013\/11\/prestes-ser-expulso-do-senado-berlusconi-ve-dia-amargo-na-italia.html\">n\u00e3o iria significar o fim da sua carreira pol\u00edtica<\/a>.<\/p>\n<p>Ele disse quer vai continuar liderando seu partido, o Forza Italia, mesmo de fora do Parlamento.<\/p>\n<p>Espera-se que o ex-premi\u00ea use seu capital pol\u00edtico para atacar o governo de Letta, o que gera o temor de uma nova fase de incerteza pol\u00edtica e econ\u00f4mica no pa\u00eds.<\/p>\n<p>No entanto, ele j\u00e1 n\u00e3o tem influ\u00eancia suficiente no Parlamento para derrubar o governo, que venceu facilmente um voto de confian\u00e7a sobre o or\u00e7amento de 2014 na noite de ter\u00e7a-feira, com o apoio de cerca de 30 dissidentes que deixaram a Forza Italia neste m\u00eas.<\/p>\n<p>Berlusconi foi condenado em 1\u00ba de agosto a quatro anos de pris\u00e3o (tr\u00eas j\u00e1 perdoados e &#8220;trocados&#8221; pela presta\u00e7\u00e3o de servi\u00e7os comunit\u00e1rios) por fraude fiscal no chamado caso Mediaset. Ele tamb\u00e9m foi proibido de ocupar cargos p\u00fablicos por dois anos, impedindo qualquer retorno imediato ao governo.<\/p>\n<p>Com a expuls\u00e3o do Senado, ele perde a imunidade parlamentar para enfrentar outros julgamentos no qual \u00e9 r\u00e9u, como o do caso Ruby, em que \u00e9 acusado de pagar por sexo com uma mulher que, \u00e0 \u00e9poca, era menor de idade, durante as famosas festas em sua resid\u00eancia particular.<\/p>\n<p>Os partid\u00e1rios de Berlusconi anunciaram um protesto para esta quarta-feira em Roma, enquanto os opositores pretendiam celebrar sua queda perto do Senado.<\/p>\n<div>\n<p><img decoding=\"async\" title=\"Manifestantes pr\u00f3-Berlusconi v\u00e3o \u00e0s ruas nesta quarta-feira (27) em Roma, capital da It\u00e1lia (Foto: Tony Gentile\/Reuters)\" src=\"http:\/\/s2.glbimg.com\/XPfInhOf1Uzzp-yweBI7CZ0h4I0=\/s.glbimg.com\/jo\/g1\/f\/original\/2013\/11\/27\/1_4.jpg\" alt=\"Manifestantes pr\u00f3-Berlusconi v\u00e3o \u00e0s ruas nesta quarta-feira (27) em Roma, capital da It\u00e1lia (Foto: Tony Gentile\/Reuters)\" width=\"620\" height=\"381\"\/>Manifestantes pr\u00f3-Berlusconi v\u00e3o \u00e0s ruas nesta quarta-feira (27) em Roma, capital da It\u00e1lia (Foto: Tony Gentile\/Reuters)<\/p>\n<\/div>\n<\/div>\n<\/div>\n<\/div>\n","protected":false},"excerpt":{"rendered":"<p>Decis\u00e3o retira imunidade parlamentar do l\u00edder direitista. Antes da vota\u00e7\u00e3o, ex-premi\u00ea afirmou que n\u00e3o vai deixar a pol\u00edtica. &nbsp; O ex-premi\u00ea italiano Silvio Berlusconi discursa [&hellip;]<\/p>\n","protected":false},"author":1,"featured_media":6564,"comment_status":"closed","ping_status":"closed","sticky":false,"template":"","format":"standard","meta":{"footnotes":""},"categories":[133],"tags":[],"_links":{"self":[{"href":"http:\/\/portalroberiodeogum.com.br\/mc_2019\/index.php\/wp-json\/wp\/v2\/posts\/6563"}],"collection":[{"href":"http:\/\/portalroberiodeogum.com.br\/mc_2019\/index.php\/wp-json\/wp\/v2\/posts"}],"about":[{"href":"http:\/\/portalroberiodeogum.com.br\/mc_2019\/index.php\/wp-json\/wp\/v2\/types\/post"}],"author":[{"embeddable":true,"href":"http:\/\/portalroberiodeogum.com.br\/mc_2019\/index.php\/wp-json\/wp\/v2\/users\/1"}],"replies":[{"embeddable":true,"href":"http:\/\/portalroberiodeogum.com.br\/mc_2019\/index.php\/wp-json\/wp\/v2\/comments?post=6563"}],"version-history":[{"count":4,"href":"http:\/\/portalroberiodeogum.com.br\/mc_2019\/index.php\/wp-json\/wp\/v2\/posts\/6563\/revisions"}],"predecessor-version":[{"id":13024,"href":"http:\/\/portalroberiodeogum.com.br\/mc_2019\/index.php\/wp-json\/wp\/v2\/posts\/6563\/revisions\/13024"}],"wp:featuredmedia":[{"embeddable":true,"href":"http:\/\/portalroberiodeogum.com.br\/mc_2019\/index.php\/wp-json\/wp\/v2\/media\/6564"}],"wp:attachment":[{"href":"http:\/\/portalroberiodeogum.com.br\/mc_2019\/index.php\/wp-json\/wp\/v2\/media?parent=6563"}],"wp:term":[{"taxonomy":"category","embeddable":true,"href":"http:\/\/portalroberiodeogum.com.br\/mc_2019\/index.php\/wp-json\/wp\/v2\/categories?post=6563"},{"taxonomy":"post_tag","embeddable":true,"href":"http:\/\/portalroberiodeogum.com.br\/mc_2019\/index.php\/wp-json\/wp\/v2\/tags?post=6563"}],"curies":[{"name":"wp","href":"https:\/\/api.w.org\/{rel}","templated":true}]}}