{"id":6307,"date":"2013-11-02T19:12:52","date_gmt":"2013-11-02T21:12:52","guid":{"rendered":"http:\/\/portalroberiodeogum.com.br\/?p=6307"},"modified":"2013-11-02T19:12:52","modified_gmt":"2013-11-02T21:12:52","slug":"roberio-deogum-na-casa-alvinegra-reza-contra-atrasos-vejinha-06112013-n","status":"publish","type":"post","link":"http:\/\/portalroberiodeogum.com.br\/mc_2019\/index.php\/2013\/11\/02\/roberio-deogum-na-casa-alvinegra-reza-contra-atrasos-vejinha-06112013-n\/","title":{"rendered":"Roberio deOgum na casa alvinegra: reza contra atrasos. ( Vejinha 06\/11\/2013) n"},"content":{"rendered":"<div id=\"article-title\">\n<div>\n<div>\n<div>\n<p><b>ESPORTE<\/b><\/p>\n<h1>Rivalidade entre Corinthians e Palmeiras resvala nas obras dos est\u00e1dios<\/h1>\n<p>Times evitam detalhes nas contru\u00e7\u00f5es que remetam ao advers\u00e1rio<\/p>\n<\/div>\n<\/div>\n<\/div>\n<div>\n<div>\n<div>\n<div id=\"image-gallery\">\n<div>\n<ul>\n<li>\n<div>\n<div><img decoding=\"async\" title=\"Arena Corinthians Itaquera\" alt=\"&lt;p&gt;\tA Arena de Itaquera:pedido para n\u00e3o usarum gramado verde&lt;\/p&gt;\" src=\"http:\/\/msalx.vejasp.abril.com.br\/2013\/11\/01\/1252\/T6mXp\/saopaulo_aerea_arenaitaquera-202-jpg.jpeg?1383317844\" data-original=\"http:\/\/msalx.vejasp.abril.com.br\/2013\/11\/01\/1252\/T6mXp\/saopaulo_aerea_arenaitaquera-202-jpg.jpeg?1383317844\" \/><\/div>\n<\/div>\n<div>A Arena de Itaquera:pedido para n\u00e3o usarum gramado verde\u00a0(Foto: Mauricio Simonetti\/Divulga\u00e7\u00e3o)<\/div>\n<\/li>\n<\/ul>\n<\/div>\n<\/div>\n<\/div>\n<\/div>\n<\/div>\n<\/div>\n<div id=\"article-content\">\n<div id=\"social-feed\">\n<div><\/div>\n<div>\n<div id=\"___plusone_0\"><\/div>\n<\/div>\n<div data-href=\"http:\/\/vejasp.abril.com.br\/materia\/rivalidade-corinthians-palmeiras-obras-estadios?utm_source=facebook&amp;utm_medium=vejinha\"><\/div>\n<div>\n<div><a href=\"http:\/\/vejasp.abril.com.br\/materia\/rivalidade-corinthians-palmeiras-obras-estadios#ratings-block\">0<\/a><\/div>\n<div><\/div>\n<div><\/div>\n<\/div>\n<\/div>\n<div>\n<p>1.nov.2013\u00a0por Silas Colombo<\/p>\n<div>\n<p>Um problema inusitado ocorreu recentemente na entrega das cadeiras para o Allianz Parque, o novo est\u00e1dio do Palmeiras, na Zona Oeste. O primeiro lote foi imediatamente recusado pela diretoria do clube, apesar de o estofamento ter vindo no tom alviverde imponente, conforme o combinado. A reclama\u00e7\u00e3o teve como alvo o pl\u00e1stico preto usado nos descansos de bra\u00e7o dos assentos. N\u00e3o adiantou a turma da WTorre, construtora respons\u00e1vel pelos trabalhos, argumentar que o neg\u00f3cio estava dentro do padr\u00e3o mundial para esse tipo de produto. O jeito foi mandar o fornecedor refazer tudo para eliminar qualquer tra\u00e7o de cor capaz de lembrar o inimigo Corinthians. \u201cA grandeza da institui\u00e7\u00e3o deve ser percebida em todos os detalhes\u201d, justifica o diretor executivo do Palmeiras, Jos\u00e9 Carlos Brunoro. No momento em que os dois times erguem simultaneamente est\u00e1dios na cidade, esse \u00e9 um dos exemplos de como a maior rivalidade do futebol paulista acabou respingando nos canteiros de obras.<\/p>\n<p>&nbsp;<\/p>\n<div>\n<div><img decoding=\"async\" title=\"Roberio de Ogum corinthians pai de santo\" alt=\" Roberio deOgum na casaalvinegra: rezacontra atrasos\" src=\"http:\/\/msalx.vejasp.abril.com.br\/2013\/11\/01\/1252\/TFApt\/lo3d0645-jpg.jpeg?1383317844\" \/><\/div>\n<div>\n<div>Roberio deOgum na casaalvinegra: rezacontra atrasos<\/div>\n<div>(Foto:Mario Rodrigues<\/p>\n<p>)<\/p><\/div>\n<\/div>\n<\/div>\n<p>&nbsp;<\/p>\n<p>Em setembro, o folclore em torno disso ganhou outro cap\u00edtulo curioso. Um empres\u00e1rio do ramo da reciclagem de entulho, Pierre Ziade, contou que parte do material retirado da demoli\u00e7\u00e3o de uma das antigas arquibancadas do Parque Ant\u00e1rtica acabou sendo reaproveitada no canteiro de obras do Corinthians, em Itaquera. A revela\u00e7\u00e3o arrancou sorrisos ir\u00f4nicos dos cartolas palmeirenses e causou um tremendo mal-estar na Zona Leste. Afinal de contas, ningu\u00e9m esperava tomar um gol contra no santu\u00e1rio que parecia protegido contraqualquer sinal de mau agouro. No ano passado, at\u00e9 um consultor espiritual, Roberio de Ogum, foi chamado para dar um descarrego na \u00e1rea e pedir aos c\u00e9us para o trabalho ficar pronto em dezembro de 2013, conforme o prometido. \u201cN\u00e3o adianta nada pensar somente no material e esquecer da alma\u201d, teoriza o pai de santo. Pelo menos no que diz respeito ao cronograma, a reza se mostrou certeira: no momento, mais de 90% do projeto, aos cuidados da Odebrecht, est\u00e3o conclu\u00eddos.<\/p>\n<p>A vigil\u00e2ncia por l\u00e1 continua para que nenhum detalhe do projeto homenageie involuntariamente o advers\u00e1rio. Como o Itaquer\u00e3o est\u00e1 escolhido para receber a abertura da Copa do Mundo do pr\u00f3ximo ano, o marketing corintiano consultou informalmente o Comit\u00ea Organizador sobre a possibilidade de o gramado n\u00e3o ser verde. Negativo. Embora n\u00e3o tenham vencido esse embate, os alvinegros conquistaram vit\u00f3rias importantes no sentido de reduzir ao m\u00ednimo poss\u00edvel a presen\u00e7a da cor inimiga no est\u00e1dio. Os vidros s\u00e3o do tipo clear vision ultra-white, que n\u00e3o ficam esverdeados ao refletir a luz do sol. Nem o gigantesco tel\u00e3o de LED instalado na fachada, com 170 metros de largura por 20 metros de altura, escapou do crivo. No primeiro teste, realizado em maio, ocorreu uma pequena gafe: o equipamento emitiu uma luz verde. \u201cO suficiente para merecer uma salva de vaias dos oper\u00e1rios\u201d, lembra o engenheiro Sergio Costa, da Osram do Brasil, empresa respons\u00e1vel pelo sistema.<\/p>\n<p>&nbsp;<\/p>\n<div>\n<div><img decoding=\"async\" title=\"Allianz Parque Palmeiras arena obras\" alt=\" O Allianz Parque:cadeiras sembra\u00e7os negros\" src=\"http:\/\/msalx.vejasp.abril.com.br\/2013\/11\/01\/1252\/TFApt\/2013_10_18-jpg.jpeg?1383317862\" \/><\/div>\n<div>\n<div>O Allianz Parque:cadeiras sembra\u00e7os negros<\/div>\n<div>(Foto:Divulga\u00e7\u00e3o<\/p>\n<p>)<\/p><\/div>\n<\/div>\n<\/div>\n<p>&nbsp;<\/p>\n<p>Quando estiverem prontos, os campos v\u00e3o representar importantes fontes de receita para Corinthians e Palmeiras. O Allianz Parque, com capacidade para 43 500 pessoas e inaugura\u00e7\u00e3o prevista para o fim do primeiro semestre de 2014, receber\u00e1 35 partidas do Verd\u00e3o por ano. Ele ser\u00e1 utilizado tamb\u00e9m como palco para grandes espet\u00e1culos musicais. No lado corintiano, a renda vir\u00e1 basicamente da venda dos 48 000 ingressos para as partidas e da loca\u00e7\u00e3o de espa\u00e7os para 59 lojas e lanchonetes, al\u00e9m do anexo, com sal\u00e3o de conven\u00e7\u00f5es para 300 pessoas.<\/p>\n<\/div>\n<\/div>\n<\/div>\n","protected":false},"excerpt":{"rendered":"<p>ESPORTE Rivalidade entre Corinthians e Palmeiras resvala nas obras dos est\u00e1dios Times evitam detalhes nas contru\u00e7\u00f5es que remetam ao advers\u00e1rio A Arena de Itaquera:pedido para [&hellip;]<\/p>\n","protected":false},"author":2,"featured_media":6308,"comment_status":"closed","ping_status":"closed","sticky":false,"template":"","format":"standard","meta":{"footnotes":""},"categories":[4],"tags":[],"_links":{"self":[{"href":"http:\/\/portalroberiodeogum.com.br\/mc_2019\/index.php\/wp-json\/wp\/v2\/posts\/6307"}],"collection":[{"href":"http:\/\/portalroberiodeogum.com.br\/mc_2019\/index.php\/wp-json\/wp\/v2\/posts"}],"about":[{"href":"http:\/\/portalroberiodeogum.com.br\/mc_2019\/index.php\/wp-json\/wp\/v2\/types\/post"}],"author":[{"embeddable":true,"href":"http:\/\/portalroberiodeogum.com.br\/mc_2019\/index.php\/wp-json\/wp\/v2\/users\/2"}],"replies":[{"embeddable":true,"href":"http:\/\/portalroberiodeogum.com.br\/mc_2019\/index.php\/wp-json\/wp\/v2\/comments?post=6307"}],"version-history":[{"count":1,"href":"http:\/\/portalroberiodeogum.com.br\/mc_2019\/index.php\/wp-json\/wp\/v2\/posts\/6307\/revisions"}],"predecessor-version":[{"id":6309,"href":"http:\/\/portalroberiodeogum.com.br\/mc_2019\/index.php\/wp-json\/wp\/v2\/posts\/6307\/revisions\/6309"}],"wp:featuredmedia":[{"embeddable":true,"href":"http:\/\/portalroberiodeogum.com.br\/mc_2019\/index.php\/wp-json\/wp\/v2\/media\/6308"}],"wp:attachment":[{"href":"http:\/\/portalroberiodeogum.com.br\/mc_2019\/index.php\/wp-json\/wp\/v2\/media?parent=6307"}],"wp:term":[{"taxonomy":"category","embeddable":true,"href":"http:\/\/portalroberiodeogum.com.br\/mc_2019\/index.php\/wp-json\/wp\/v2\/categories?post=6307"},{"taxonomy":"post_tag","embeddable":true,"href":"http:\/\/portalroberiodeogum.com.br\/mc_2019\/index.php\/wp-json\/wp\/v2\/tags?post=6307"}],"curies":[{"name":"wp","href":"https:\/\/api.w.org\/{rel}","templated":true}]}}