{"id":6029,"date":"2018-02-14T00:45:52","date_gmt":"2018-02-14T02:45:52","guid":{"rendered":"http:\/\/portalroberiodeogum.com.br\/?p=6029"},"modified":"2018-02-08T23:43:23","modified_gmt":"2018-02-09T01:43:23","slug":"iansa-seu-dia-quarta-feira-tambem-dia-de-xango","status":"publish","type":"post","link":"http:\/\/portalroberiodeogum.com.br\/mc_2019\/index.php\/2018\/02\/14\/iansa-seu-dia-quarta-feira-tambem-dia-de-xango\/","title":{"rendered":"Quarta-feira: Xang\u00f4 e Ians\u00e3"},"content":{"rendered":"<p>&nbsp;<\/p>\n<p><b>Ians\u00e3<\/b>\u00a0ou\u00a0<b>Oy\u00e1<\/b>\u00a0\u00e9 a\u00a0orix\u00e1\u00a0dos ventos e das tempestades.<\/p>\n<p>Na liturgia da\u00a0umbanda, Ians\u00e3 \u00e9 senhora dos\u00a0eguns, os esp\u00edritos dos mortos, menos cultuados no candombl\u00e9. Na umbanda, a\u00a0guia\u00a0de Ians\u00e3 \u00e9 de cor laranja (coral) e, no candombl\u00e9, \u00e9 vermelha. No candombl\u00e9, tamb\u00e9m \u00e9 chamada de Oy\u00e1. Seu dia da semana \u00e9 quarta-feira e sua sauda\u00e7\u00e3o \u00e9\u00a0<i>Eparrei<\/i>.<\/p>\n<p><b>Xang\u00f4<\/b>,\u00a0<b>Shango<\/b>,\u00a0\u00e9 o\u00a0orix\u00e1\u00a0da\u00a0justi\u00e7a, dos raios, do trov\u00e3o e do fogo.<\/p>\n<p>&nbsp;<\/p>\n<p><strong>Ians\u00e3<\/strong><\/p>\n<p>Deusa dos ventos e das tempestades. \u00c9 a senhora dos raios e dona da alma dos mortos (eguns)<\/p>\n<p>No candombl\u00e9, tamb\u00e9m \u00e9 chamada de Oy\u00e1.<\/p>\n<p><em>Elemento<\/em>: fogo<\/p>\n<p><em>Personalidade<\/em>: impulsiva e imprevis\u00edvel<\/p>\n<p><em>S\u00edmbolo<\/em>: espada e rabo de cavalo (representando a realeza)<\/p>\n<p><em>Dia da semana<\/em>: quarta-feira<\/p>\n<p><em>Colar<\/em>: vermelho ou marrom escuro<\/p>\n<p><em>Roupa<\/em>: vermelha<\/p>\n<p><em>Sacrif\u00edcio<\/em>: cabra e galinha<\/p>\n<p><em>Oferendas<\/em>: milho branco, arroz, feij\u00e3o e acaraj\u00e9S\u00c2<\/p>\n","protected":false},"excerpt":{"rendered":"<p>&nbsp; Ians\u00e3\u00a0ou\u00a0Oy\u00e1\u00a0\u00e9 a\u00a0orix\u00e1\u00a0dos ventos e das tempestades. Na liturgia da\u00a0umbanda, Ians\u00e3 \u00e9 senhora dos\u00a0eguns, os esp\u00edritos dos mortos, menos cultuados no candombl\u00e9. Na umbanda, a\u00a0guia\u00a0de [&hellip;]<\/p>\n","protected":false},"author":2,"featured_media":6030,"comment_status":"closed","ping_status":"closed","sticky":false,"template":"","format":"standard","meta":{"footnotes":""},"categories":[68],"tags":[],"_links":{"self":[{"href":"http:\/\/portalroberiodeogum.com.br\/mc_2019\/index.php\/wp-json\/wp\/v2\/posts\/6029"}],"collection":[{"href":"http:\/\/portalroberiodeogum.com.br\/mc_2019\/index.php\/wp-json\/wp\/v2\/posts"}],"about":[{"href":"http:\/\/portalroberiodeogum.com.br\/mc_2019\/index.php\/wp-json\/wp\/v2\/types\/post"}],"author":[{"embeddable":true,"href":"http:\/\/portalroberiodeogum.com.br\/mc_2019\/index.php\/wp-json\/wp\/v2\/users\/2"}],"replies":[{"embeddable":true,"href":"http:\/\/portalroberiodeogum.com.br\/mc_2019\/index.php\/wp-json\/wp\/v2\/comments?post=6029"}],"version-history":[{"count":10,"href":"http:\/\/portalroberiodeogum.com.br\/mc_2019\/index.php\/wp-json\/wp\/v2\/posts\/6029\/revisions"}],"predecessor-version":[{"id":11380,"href":"http:\/\/portalroberiodeogum.com.br\/mc_2019\/index.php\/wp-json\/wp\/v2\/posts\/6029\/revisions\/11380"}],"wp:featuredmedia":[{"embeddable":true,"href":"http:\/\/portalroberiodeogum.com.br\/mc_2019\/index.php\/wp-json\/wp\/v2\/media\/6030"}],"wp:attachment":[{"href":"http:\/\/portalroberiodeogum.com.br\/mc_2019\/index.php\/wp-json\/wp\/v2\/media?parent=6029"}],"wp:term":[{"taxonomy":"category","embeddable":true,"href":"http:\/\/portalroberiodeogum.com.br\/mc_2019\/index.php\/wp-json\/wp\/v2\/categories?post=6029"},{"taxonomy":"post_tag","embeddable":true,"href":"http:\/\/portalroberiodeogum.com.br\/mc_2019\/index.php\/wp-json\/wp\/v2\/tags?post=6029"}],"curies":[{"name":"wp","href":"https:\/\/api.w.org\/{rel}","templated":true}]}}