{"id":2102,"date":"2001-09-20T15:58:58","date_gmt":"2001-09-20T18:58:58","guid":{"rendered":"http:\/\/portalroberiodeogum.com.br\/?p=2102"},"modified":"2020-01-10T17:41:40","modified_gmt":"2020-01-10T20:41:40","slug":"acertou-timinho-ou-timao","status":"publish","type":"post","link":"http:\/\/portalroberiodeogum.com.br\/mc_2019\/index.php\/2001\/09\/20\/acertou-timinho-ou-timao\/","title":{"rendered":"Timinho ou Tim\u00e3o? Roberio de Ogum acerta novamente!"},"content":{"rendered":"<p>Revista Placar 24 de abril de 2001<\/p>\n<p>Timinho ou Tim\u00e3o?<\/p>\n<p>Roberio de Ogum vidente e ex guia espiritual de Vanderlei Luxemburgo disse no come\u00e7o de marco de 2011 que o periodo negro do corinthians continuaria e que o treinador duraria pouco no cargo.<\/p>\n<p><strong>Acertou.<\/strong><\/p>\n<p>Apesar do time se recuperar no Paulista saindo das ultimas coloca\u00e7\u00f5es em conquistar o titulo. O elenco do tim\u00e3o esta em p\u00e9 de guerra. Muita confus\u00e3o e uma m\u00e1&nbsp;campanha no brasileiro resultaram em dispensa de varios jogadores e a demiss\u00e3o de Vanderley Luxemburgo.<\/p>\n<p><iframe src=\"https:\/\/www.youtube.com\/embed\/xn92zSME4n4\" allow=\"accelerometer; autoplay; encrypted-media; gyroscope; picture-in-picture\" allowfullscreen=\"\" width=\"560\" height=\"315\" frameborder=\"0\"><\/iframe>&nbsp;<\/p>\n","protected":false},"excerpt":{"rendered":"<p>Revista Placar 24 de abril de 2001 Timinho ou Tim\u00e3o? Roberio de Ogum vidente e ex guia espiritual de Vanderlei Luxemburgo disse no come\u00e7o de [&hellip;]<\/p>\n","protected":false},"author":1,"featured_media":2106,"comment_status":"open","ping_status":"open","sticky":false,"template":"","format":"video","meta":{"footnotes":""},"categories":[7,8],"tags":[],"_links":{"self":[{"href":"http:\/\/portalroberiodeogum.com.br\/mc_2019\/index.php\/wp-json\/wp\/v2\/posts\/2102"}],"collection":[{"href":"http:\/\/portalroberiodeogum.com.br\/mc_2019\/index.php\/wp-json\/wp\/v2\/posts"}],"about":[{"href":"http:\/\/portalroberiodeogum.com.br\/mc_2019\/index.php\/wp-json\/wp\/v2\/types\/post"}],"author":[{"embeddable":true,"href":"http:\/\/portalroberiodeogum.com.br\/mc_2019\/index.php\/wp-json\/wp\/v2\/users\/1"}],"replies":[{"embeddable":true,"href":"http:\/\/portalroberiodeogum.com.br\/mc_2019\/index.php\/wp-json\/wp\/v2\/comments?post=2102"}],"version-history":[{"count":5,"href":"http:\/\/portalroberiodeogum.com.br\/mc_2019\/index.php\/wp-json\/wp\/v2\/posts\/2102\/revisions"}],"predecessor-version":[{"id":18370,"href":"http:\/\/portalroberiodeogum.com.br\/mc_2019\/index.php\/wp-json\/wp\/v2\/posts\/2102\/revisions\/18370"}],"wp:featuredmedia":[{"embeddable":true,"href":"http:\/\/portalroberiodeogum.com.br\/mc_2019\/index.php\/wp-json\/wp\/v2\/media\/2106"}],"wp:attachment":[{"href":"http:\/\/portalroberiodeogum.com.br\/mc_2019\/index.php\/wp-json\/wp\/v2\/media?parent=2102"}],"wp:term":[{"taxonomy":"category","embeddable":true,"href":"http:\/\/portalroberiodeogum.com.br\/mc_2019\/index.php\/wp-json\/wp\/v2\/categories?post=2102"},{"taxonomy":"post_tag","embeddable":true,"href":"http:\/\/portalroberiodeogum.com.br\/mc_2019\/index.php\/wp-json\/wp\/v2\/tags?post=2102"}],"curies":[{"name":"wp","href":"https:\/\/api.w.org\/{rel}","templated":true}]}}