{"id":20900,"date":"2023-01-19T12:20:40","date_gmt":"2023-01-19T15:20:40","guid":{"rendered":"http:\/\/portalroberiodeogum.com.br\/mc_2019\/?p=20900"},"modified":"2023-01-19T12:20:42","modified_gmt":"2023-01-19T15:20:42","slug":"depois-de-4-anos-quadro-orixas-volta-a-o-planalto","status":"publish","type":"post","link":"http:\/\/portalroberiodeogum.com.br\/mc_2019\/index.php\/2023\/01\/19\/depois-de-4-anos-quadro-orixas-volta-a-o-planalto\/","title":{"rendered":"Depois de 4 anos quadro Orix\u00e1s volta a o Planalto"},"content":{"rendered":"\n<figure class=\"wp-block-embed-youtube wp-block-embed is-type-video is-provider-youtube wp-embed-aspect-16-9 wp-has-aspect-ratio\"><div class=\"wp-block-embed__wrapper\">\n<iframe title=\"Depois de 4 anos quadro Orix\u00e1s volta a o Planalto\" width=\"640\" height=\"360\" src=\"https:\/\/www.youtube.com\/embed\/IyVXn7i3OBU?feature=oembed\" frameborder=\"0\" allow=\"accelerometer; autoplay; clipboard-write; encrypted-media; gyroscope; picture-in-picture; web-share\" allowfullscreen><\/iframe>\n<\/div><\/figure>\n\n\n\n<p>Roberio de Ogum comemora not\u00edcia que o Quadro Orix\u00e1s voltar\u00e1 ao seu local em Bras\u00edlia. Ap\u00f3s posse da Ministra da Cultura Margareth Menezes, ela e Janja anunciaram a grande not\u00edcia.<\/p>\n\n\n\n<p>Ax\u00e9!<\/p>\n\n\n\n<p><\/p>\n","protected":false},"excerpt":{"rendered":"<p>Roberio de Ogum comemora not\u00edcia que o Quadro Orix\u00e1s voltar\u00e1 ao seu local em Bras\u00edlia. Ap\u00f3s posse da Ministra da Cultura Margareth Menezes, ela e [&hellip;]<\/p>\n","protected":false},"author":1,"featured_media":20901,"comment_status":"open","ping_status":"open","sticky":false,"template":"","format":"standard","meta":{"footnotes":""},"categories":[173,4],"tags":[],"_links":{"self":[{"href":"http:\/\/portalroberiodeogum.com.br\/mc_2019\/index.php\/wp-json\/wp\/v2\/posts\/20900"}],"collection":[{"href":"http:\/\/portalroberiodeogum.com.br\/mc_2019\/index.php\/wp-json\/wp\/v2\/posts"}],"about":[{"href":"http:\/\/portalroberiodeogum.com.br\/mc_2019\/index.php\/wp-json\/wp\/v2\/types\/post"}],"author":[{"embeddable":true,"href":"http:\/\/portalroberiodeogum.com.br\/mc_2019\/index.php\/wp-json\/wp\/v2\/users\/1"}],"replies":[{"embeddable":true,"href":"http:\/\/portalroberiodeogum.com.br\/mc_2019\/index.php\/wp-json\/wp\/v2\/comments?post=20900"}],"version-history":[{"count":1,"href":"http:\/\/portalroberiodeogum.com.br\/mc_2019\/index.php\/wp-json\/wp\/v2\/posts\/20900\/revisions"}],"predecessor-version":[{"id":20902,"href":"http:\/\/portalroberiodeogum.com.br\/mc_2019\/index.php\/wp-json\/wp\/v2\/posts\/20900\/revisions\/20902"}],"wp:featuredmedia":[{"embeddable":true,"href":"http:\/\/portalroberiodeogum.com.br\/mc_2019\/index.php\/wp-json\/wp\/v2\/media\/20901"}],"wp:attachment":[{"href":"http:\/\/portalroberiodeogum.com.br\/mc_2019\/index.php\/wp-json\/wp\/v2\/media?parent=20900"}],"wp:term":[{"taxonomy":"category","embeddable":true,"href":"http:\/\/portalroberiodeogum.com.br\/mc_2019\/index.php\/wp-json\/wp\/v2\/categories?post=20900"},{"taxonomy":"post_tag","embeddable":true,"href":"http:\/\/portalroberiodeogum.com.br\/mc_2019\/index.php\/wp-json\/wp\/v2\/tags?post=20900"}],"curies":[{"name":"wp","href":"https:\/\/api.w.org\/{rel}","templated":true}]}}