{"id":1295,"date":"1991-09-05T19:19:31","date_gmt":"1991-09-05T19:19:31","guid":{"rendered":"http:\/\/portalroberiodeogum.com.br\/?p=1295"},"modified":"2014-08-18T18:38:27","modified_gmt":"2014-08-18T21:38:27","slug":"roberio-de-ogum-previu-palmeiras-campeao-e-sem-falcao-na-selecao-em-1992","status":"publish","type":"post","link":"http:\/\/portalroberiodeogum.com.br\/mc_2019\/index.php\/1991\/09\/05\/roberio-de-ogum-previu-palmeiras-campeao-e-sem-falcao-na-selecao-em-1992\/","title":{"rendered":"Roberio de Ogum previu Palmeiras campe\u00e3o e sem Falc\u00e3o na sele\u00e7\u00e3o em 1992"},"content":{"rendered":"<p><a href=\"http:\/\/portalroberiodeogum.com.br\/wp-content\/uploads\/2012\/09\/342-Roberio-de-Ogum-viu-palmeiras-campe\u00e3o-e-sem-Falc\u00e3o-na-sele\u00e7\u00e3o-em-1992.jpg\"><img fetchpriority=\"high\" decoding=\"async\" class=\"aligncenter size-full wp-image-1297\" title=\"Roberio de Ogum viu palmeiras campe\u00e3o e sem Falc\u00e3o na sele\u00e7\u00e3o em 1992\" src=\"http:\/\/portalroberiodeogum.com.br\/wp-content\/uploads\/2012\/09\/342-Roberio-de-Ogum-viu-palmeiras-campe\u00e3o-e-sem-Falc\u00e3o-na-sele\u00e7\u00e3o-em-1992.jpg\" alt=\"\" width=\"580\" height=\"635\" \/><\/a><a href=\"http:\/\/esportes.r7.com\/blogs\/cosme-rimoli\/2010\/06\/11\/novo-tecnico-na-praca-paulo-roberto-falcao\/\" target=\"_blank\">Link de confirma\u00e7\u00e3o.<\/a><\/p>\n","protected":false},"excerpt":{"rendered":"<p>Link de confirma\u00e7\u00e3o.<\/p>\n","protected":false},"author":2,"featured_media":1299,"comment_status":"open","ping_status":"open","sticky":false,"template":"","format":"standard","meta":{"footnotes":""},"categories":[20,4,7,8],"tags":[],"_links":{"self":[{"href":"http:\/\/portalroberiodeogum.com.br\/mc_2019\/index.php\/wp-json\/wp\/v2\/posts\/1295"}],"collection":[{"href":"http:\/\/portalroberiodeogum.com.br\/mc_2019\/index.php\/wp-json\/wp\/v2\/posts"}],"about":[{"href":"http:\/\/portalroberiodeogum.com.br\/mc_2019\/index.php\/wp-json\/wp\/v2\/types\/post"}],"author":[{"embeddable":true,"href":"http:\/\/portalroberiodeogum.com.br\/mc_2019\/index.php\/wp-json\/wp\/v2\/users\/2"}],"replies":[{"embeddable":true,"href":"http:\/\/portalroberiodeogum.com.br\/mc_2019\/index.php\/wp-json\/wp\/v2\/comments?post=1295"}],"version-history":[{"count":8,"href":"http:\/\/portalroberiodeogum.com.br\/mc_2019\/index.php\/wp-json\/wp\/v2\/posts\/1295\/revisions"}],"predecessor-version":[{"id":7211,"href":"http:\/\/portalroberiodeogum.com.br\/mc_2019\/index.php\/wp-json\/wp\/v2\/posts\/1295\/revisions\/7211"}],"wp:featuredmedia":[{"embeddable":true,"href":"http:\/\/portalroberiodeogum.com.br\/mc_2019\/index.php\/wp-json\/wp\/v2\/media\/1299"}],"wp:attachment":[{"href":"http:\/\/portalroberiodeogum.com.br\/mc_2019\/index.php\/wp-json\/wp\/v2\/media?parent=1295"}],"wp:term":[{"taxonomy":"category","embeddable":true,"href":"http:\/\/portalroberiodeogum.com.br\/mc_2019\/index.php\/wp-json\/wp\/v2\/categories?post=1295"},{"taxonomy":"post_tag","embeddable":true,"href":"http:\/\/portalroberiodeogum.com.br\/mc_2019\/index.php\/wp-json\/wp\/v2\/tags?post=1295"}],"curies":[{"name":"wp","href":"https:\/\/api.w.org\/{rel}","templated":true}]}}